{"id":51234,"date":"2025-02-27T00:16:28","date_gmt":"2025-02-27T06:16:28","guid":{"rendered":"https:\/\/noticiasveracruz.com\/?p=51234"},"modified":"2025-02-26T23:15:26","modified_gmt":"2025-02-27T05:15:26","slug":"asume-guillermo-garcia-como-titular-de-seguridad-de-cuernavaca","status":"publish","type":"post","link":"https:\/\/noticiasveracruz.com\/index.php\/2025\/02\/27\/asume-guillermo-garcia-como-titular-de-seguridad-de-cuernavaca\/","title":{"rendered":"Asume Guillermo Garc\u00eda como titular de seguridad de Cuernavaca"},"content":{"rendered":"<p>El capit\u00e1n retirado del Ej\u00e9rcito Mexicano, Guillermo Garc\u00eda Delgado, tom\u00f3 protesta este mediod\u00eda ante los integrantes del cabildo del municipio de Cuernavaca como titular de la Secretar\u00eda de Protecci\u00f3n y Auxilio Ciudadano (Seprac).<\/p>\n<p>Garc\u00eda Delgado, fue propuesto ante el cabildo por el presidente municipal, Jos\u00e9 Luis Uri\u00f3stegui, esta ma\u00f1ana y fue aprobado de manera un\u00e1nime, en la misma sesi\u00f3n tom\u00f3 protesta al cargo.<\/p>\n<p>El capit\u00e1n en retiro sucedi\u00f3 en el cargo a la ex secretaria de seguridad, Alicia V\u00e1zquez Luna, quien hizo p\u00fablica su renuncia al cargo el pasado 13 de febrero.<\/p>\n<p>Guillermo Garc\u00eda, despu\u00e9s de haber rendido la protesta de ley, asegur\u00f3 que primero va recibir las instalaciones de la secretar\u00eda y personal, y que va llevar\u00e1 cabo las tareas que le encomend\u00f3 el alcalde, como reclutamiento de personal, debido que asegur\u00f3 que hace falta elementos a la corporaci\u00f3n municipal; y adelant\u00f3 que si es necesario hacer algunas adecuaciones, se har\u00e1n de manera paulatinamente.<\/p>\n<p>Tambi\u00e9n prometi\u00f3 mejorar la seguridad p\u00fablica del municipio, que mencion\u00f3 no es un problema s\u00f3lo de este municipio del cual dijo ser originario.<\/p>\n<p>Garc\u00eda, asegur\u00f3 que habr\u00e1 buena coordinaci\u00f3n con elementos federales (Defensa y GN) y la polic\u00eda estatal ser\u00e1 \u201cmuy estrecha\u201d.<\/p>\n<p>El ahora secretario de seguridad p\u00fablica de Cuernavaca, seg\u00fan el alcalde, aprob\u00f3 los ex\u00e1menes de control y confianza. Antes de esta sesi\u00f3n de cabildo, los integrantes de \u00e9ste se reunieron para analizar los perfiles de quien podr\u00eda suceder a V\u00e1zquez Luna, en esta reuni\u00f3n, decidieron que fuera Garc\u00eda, porque \u00e9ste aparte de ser militar retirado, cuenta con una licenciatura en prevenci\u00f3n del delito y seguridad, \u201cy eso nos garantiza que conoce desde el aspecto civil, la aplicaci\u00f3n de todos los temas de prevenci\u00f3n del delito y manejo de polic\u00eda\u201d, dijo Uri\u00f3stegui Salgado.<\/p>\n","protected":false},"excerpt":{"rendered":"<p>El capit\u00e1n retirado del Ej\u00e9rcito Mexicano, Guillermo Garc\u00eda Delgado, tom\u00f3 protesta este mediod\u00eda ante los integrantes del cabildo del municipio<\/p>\n","protected":false},"author":4,"featured_media":51235,"comment_status":"closed","ping_status":"closed","sticky":false,"template":"","format":"standard","meta":{"colormag_page_container_layout":"default_layout","colormag_page_sidebar_layout":"default_layout","_jetpack_memberships_contains_paid_content":false,"footnotes":"","jetpack_publicize_message":"","jetpack_publicize_feature_enabled":true,"jetpack_social_post_already_shared":true,"jetpack_social_options":{"image_generator_settings":{"template":"highway","default_image_id":0,"font":"","enabled":false},"version":2}},"categories":[145],"tags":[],"class_list":["post-51234","post","type-post","status-publish","format-standard","has-post-thumbnail","hentry","category-estados"],"jetpack_publicize_connections":[],"jetpack_featured_media_url":"https:\/\/noticiasveracruz.com\/wp-content\/uploads\/2025\/02\/CU-1.jpg","jetpack_sharing_enabled":true,"publishpress_future_action":{"enabled":false,"date":"2026-05-10 05:42:01","action":"change-status","newStatus":"draft","terms":[],"taxonomy":"category","extraData":[]},"publishpress_future_workflow_manual_trigger":{"enabledWorkflows":[]},"_links":{"self":[{"href":"https:\/\/noticiasveracruz.com\/index.php\/wp-json\/wp\/v2\/posts\/51234","targetHints":{"allow":["GET"]}}],"collection":[{"href":"https:\/\/noticiasveracruz.com\/index.php\/wp-json\/wp\/v2\/posts"}],"about":[{"href":"https:\/\/noticiasveracruz.com\/index.php\/wp-json\/wp\/v2\/types\/post"}],"author":[{"embeddable":true,"href":"https:\/\/noticiasveracruz.com\/index.php\/wp-json\/wp\/v2\/users\/4"}],"replies":[{"embeddable":true,"href":"https:\/\/noticiasveracruz.com\/index.php\/wp-json\/wp\/v2\/comments?post=51234"}],"version-history":[{"count":0,"href":"https:\/\/noticiasveracruz.com\/index.php\/wp-json\/wp\/v2\/posts\/51234\/revisions"}],"wp:featuredmedia":[{"embeddable":true,"href":"https:\/\/noticiasveracruz.com\/index.php\/wp-json\/wp\/v2\/media\/51235"}],"wp:attachment":[{"href":"https:\/\/noticiasveracruz.com\/index.php\/wp-json\/wp\/v2\/media?parent=51234"}],"wp:term":[{"taxonomy":"category","embeddable":true,"href":"https:\/\/noticiasveracruz.com\/index.php\/wp-json\/wp\/v2\/categories?post=51234"},{"taxonomy":"post_tag","embeddable":true,"href":"https:\/\/noticiasveracruz.com\/index.php\/wp-json\/wp\/v2\/tags?post=51234"}],"curies":[{"name":"wp","href":"https:\/\/api.w.org\/{rel}","templated":true}]}}