{"id":51228,"date":"2025-02-27T00:14:29","date_gmt":"2025-02-27T06:14:29","guid":{"rendered":"https:\/\/noticiasveracruz.com\/?p=51228"},"modified":"2025-02-26T23:11:12","modified_gmt":"2025-02-27T05:11:12","slug":"chihuahua-ofreceran-seis-mil-vacantes-para-migrantes-en-ferias-del-empleo","status":"publish","type":"post","link":"https:\/\/noticiasveracruz.com\/index.php\/2025\/02\/27\/chihuahua-ofreceran-seis-mil-vacantes-para-migrantes-en-ferias-del-empleo\/","title":{"rendered":"Chihuahua: ofrecer\u00e1n seis mil vacantes para migrantes en ferias del empleo"},"content":{"rendered":"<p>La Secretar\u00eda del Trabajo y Previsi\u00f3n Social (STPS) anunci\u00f3 dos ferias de empleo para migrantes, en las que se ofertar\u00e1n seis mil vacantes laborales, as\u00ed como un Plan de Atenci\u00f3n a Personas Repatriadas, Connacionales y Extranjeras, en Ciudad Ju\u00e1rez, dio a conocer Di\u00f3doro Jos\u00e9 Siller Arg\u00fcello, titular de la dependencia.<\/p>\n<p>Sobre este plan, el director del Servicio Estatal del Empleo, Luis Fernando O\u00b4 Reilly P\u00e9rez, inform\u00f3 que se firmaron convenios con las empresas Oxxo, Oxxo Gas, Caffenio y Do\u00f1a Tota, para emplear a las personas migrantes que retornan a M\u00e9xico por Ciudad Ju\u00e1rez.<\/p>\n<p>Di\u00f3doro Jos\u00e9 Siller explic\u00f3 que los migrantes podr\u00e1n trabajar en lugares donde se garanticen sus derechos, y a su vez el sector empleador tendr\u00e1 la certeza de una contrataci\u00f3n efectiva y formal.<\/p>\n<p>Por ello, se firm\u00f3 el primer acuerdo con la empresa Oxxo, para ofertar oportunidades laborales a trav\u00e9s de bolsas y ferias de trabajo.<\/p>\n<p>Adem\u00e1s, se capacitar\u00e1 y orientar\u00e1 a las personas para fortalecer sus habilidades, y atender as\u00ed desaf\u00edos como la reintegraci\u00f3n de connacionales retornados y la integraci\u00f3n de personas migrantes.<\/p>\n<p>El 5 de marzo ser\u00e1 la primera feria de empleo para migrantes, en el edificio del Consejo Estatal de Poblaci\u00f3n (Coespo), en esa fecha habr\u00e1 mil vacantes disponibles de las empresas Oxxo, Oxxo Gas, Caffenio y Do\u00f1a Tota, detall\u00f3 Luis Fernando O\u2019Rilley; otra feria del empleo se llevar\u00e1 a cabo el mi\u00e9rcoles 26 de marzo, en el Gimnasio del Colegio de Bachilleres, donde 80 empresas ofertar\u00e1n 5 mil puestos trabajo para connacionales deportados y para migrantes extranjeros.<\/p>\n<p>En ambas ferias de empleo habr\u00e1 presencia del Servicio de Administraci\u00f3n Tributaria (SAT), Instituto Nacional de Migraci\u00f3n (INM), Registro Civil y la Fiscal\u00eda General del Estado, para ayudar a los migrantes en la obtenci\u00f3n de documentos como acta de nacimiento, Registro Federal de Contribuyentes, carta de no antecedentes penales y otros.<\/p>\n<p>La delegada de Programas del Bienestar, Mayra Ch\u00e1vez Jim\u00e9nez, inform\u00f3 que el albergue para migrantes repatriados en el predio conocido como El Punto, ha recibido \u00fanicamente 148 personas, desde el 20 de febrero, d\u00eda en que fue inaugurado, hasta este mi\u00e9rcoles 26 de febrero, como parte de la \u201cEstrategia M\u00e9xico te Abraza\u201d.<\/p>\n<p>En ese contexto, el Instituto\u00a0<strong>Tamaulipeco<\/strong>\u00a0para los Migrantes y la Secretar\u00eda de Bienestar Social del gobierno estatal iniciaron jornadas de sensibilizaci\u00f3n encaminadas a las personas repatriadas hacia esa entidad por el gobierno de Estados Unidos, a fin de optimizar la atenci\u00f3n a personas en situaci\u00f3n migratoria.<\/p>\n<p>Los individuos que participaron en la capacitaci\u00f3n han sido informados de los programas, acciones, de los derechos de los repatriados y migrantes extranjeros, que fueron deportados por los cruces internacionales de Matamoros, Reynosa y Nuevo Laredo.<\/p>\n<p>De esa manera se busca dar cumplimiento a los programas del gobierno federal de la presidenta Claudia Sheinbaum Pardo y del propio gobernador Am\u00e9rico Villarreal Anaya.<\/p>\n<p>En el programa de apoyo del gobierno estatal tambi\u00e9n participan las secretar\u00edas de Salud, de Educaci\u00f3n, el Sistema Estatal para el Desarrollo Integral de la Familia (DIF) que encabeza Mar\u00eda Santiago, esposa del mandatario estatal.<\/p>\n","protected":false},"excerpt":{"rendered":"<p>La Secretar\u00eda del Trabajo y Previsi\u00f3n Social (STPS) anunci\u00f3 dos ferias de empleo para migrantes, en las que se ofertar\u00e1n<\/p>\n","protected":false},"author":4,"featured_media":51229,"comment_status":"closed","ping_status":"closed","sticky":false,"template":"","format":"standard","meta":{"colormag_page_container_layout":"default_layout","colormag_page_sidebar_layout":"default_layout","_jetpack_memberships_contains_paid_content":false,"footnotes":"","jetpack_publicize_message":"","jetpack_publicize_feature_enabled":true,"jetpack_social_post_already_shared":true,"jetpack_social_options":{"image_generator_settings":{"template":"highway","default_image_id":0,"font":"","enabled":false},"version":2}},"categories":[145],"tags":[],"class_list":["post-51228","post","type-post","status-publish","format-standard","has-post-thumbnail","hentry","category-estados"],"jetpack_publicize_connections":[],"jetpack_featured_media_url":"https:\/\/noticiasveracruz.com\/wp-content\/uploads\/2025\/02\/CH-1.jpg","jetpack_sharing_enabled":true,"publishpress_future_action":{"enabled":false,"date":"2026-05-08 12:05:56","action":"change-status","newStatus":"draft","terms":[],"taxonomy":"category","extraData":[]},"publishpress_future_workflow_manual_trigger":{"enabledWorkflows":[]},"_links":{"self":[{"href":"https:\/\/noticiasveracruz.com\/index.php\/wp-json\/wp\/v2\/posts\/51228","targetHints":{"allow":["GET"]}}],"collection":[{"href":"https:\/\/noticiasveracruz.com\/index.php\/wp-json\/wp\/v2\/posts"}],"about":[{"href":"https:\/\/noticiasveracruz.com\/index.php\/wp-json\/wp\/v2\/types\/post"}],"author":[{"embeddable":true,"href":"https:\/\/noticiasveracruz.com\/index.php\/wp-json\/wp\/v2\/users\/4"}],"replies":[{"embeddable":true,"href":"https:\/\/noticiasveracruz.com\/index.php\/wp-json\/wp\/v2\/comments?post=51228"}],"version-history":[{"count":0,"href":"https:\/\/noticiasveracruz.com\/index.php\/wp-json\/wp\/v2\/posts\/51228\/revisions"}],"wp:featuredmedia":[{"embeddable":true,"href":"https:\/\/noticiasveracruz.com\/index.php\/wp-json\/wp\/v2\/media\/51229"}],"wp:attachment":[{"href":"https:\/\/noticiasveracruz.com\/index.php\/wp-json\/wp\/v2\/media?parent=51228"}],"wp:term":[{"taxonomy":"category","embeddable":true,"href":"https:\/\/noticiasveracruz.com\/index.php\/wp-json\/wp\/v2\/categories?post=51228"},{"taxonomy":"post_tag","embeddable":true,"href":"https:\/\/noticiasveracruz.com\/index.php\/wp-json\/wp\/v2\/tags?post=51228"}],"curies":[{"name":"wp","href":"https:\/\/api.w.org\/{rel}","templated":true}]}}