{"id":51210,"date":"2025-02-27T00:08:34","date_gmt":"2025-02-27T06:08:34","guid":{"rendered":"https:\/\/noticiasveracruz.com\/?p=51210"},"modified":"2025-02-26T22:57:43","modified_gmt":"2025-02-27T04:57:43","slug":"advierte-ine-a-candidatos-al-pj-prohibicion-de-propaganda-adelantada","status":"publish","type":"post","link":"https:\/\/noticiasveracruz.com\/index.php\/2025\/02\/27\/advierte-ine-a-candidatos-al-pj-prohibicion-de-propaganda-adelantada\/","title":{"rendered":"Advierte INE a candidatos al PJ prohibici\u00f3n de propaganda adelantada"},"content":{"rendered":"<p class=\"western\">El Instituto Nacional Electoral (INE) advirti\u00f3 a los candidatos, particularmente a los que ya son integrantes del Poder Judicial, que deben abstenerse de realizar actos de propaganda, no solo por principios legales sino morales, de \u00e9tica del servicio p\u00fablico.<\/p>\n<p class=\"western\">Las campa\u00f1as tienen una duraci\u00f3n de 60 d\u00edas, a partir del 30 de marzo pr\u00f3ximo, y no hay periodo de precampa\u00f1a. La ley electoral indica que una infracci\u00f3n de esta naturaleza puede ser sancionada desde amonestaci\u00f3n y multa hasta la suspensi\u00f3n o cancelaci\u00f3n del registro.<\/p>\n<p class=\"western\">La Comisi\u00f3n de Quejas y Denuncias del INE abri\u00f3 un procedimiento especial sancionador porque el 25 de febrero se identific\u00f3 un menaje del presidente de la Sala Especializada del Tribunal Electoral del Poder Judicial de la Federaci\u00f3n (TEPJF), Luis Esp\u00edndola Morales, quien es candidato a un lugar en la Sala Superior de esta m\u00e1xima instancia de decisi\u00f3n en la materia.<\/p>\n<p class=\"western\">La publicaci\u00f3n, retirada por el propio autor, difund\u00eda el modelo de la boleta para dicha elecci\u00f3n, en la cual \u00e9l aparece enlistado con el n\u00famero 8 y hac\u00eda referencia a ello, lo que podr\u00eda constituir actos anticipados de campa\u00f1a.<\/p>\n<p class=\"western\">En el proyecto de la Comisi\u00f3n se propuso de manera inicial declarar procedente dictar la medida cautelar, bajo el argumento de que la publicaci\u00f3n pudiera ser un posicionamiento anticipado y poner en riesgo el principio de equidad que debe privilegiarse en todo proceso electoral.<\/p>\n<p class=\"western\">Lo anterior porque \u201cde un an\u00e1lisis preliminar, los elementos que integran la publicaci\u00f3n en su conjunto pudieran constituir un llamado al voto en beneficio del denunciado, pues aun cuando de esta no se desprenden frases que inviten directamente a votar por la persona, de forma impl\u00edcita pretende que la ciudadan\u00eda lo ubique en la boleta electoral\u201d.<\/p>\n<p class=\"western\">La publicaci\u00f3n fue retirada por el magistrado Esp\u00edndola el mismo d\u00eda en que se detect\u00f3, de ah\u00ed que el proyecto cambi\u00f3 de declarar la medida de procedente a improcedente, por tratarse de hechos consumados.<\/p>\n<p class=\"western\">Sin embargo, prevalecieron los mensajes de advertencia sobre este tipo de acciones.<\/p>\n<p class=\"western\">En principio, el consejero Arturo Castillo se\u00f1al\u00f3 que no es la primera vez que esta Comisi\u00f3n detecta presuntos actos anticipados y luego los mensajes son bajados de las redes sociales pero esta publicaci\u00f3n queda para siempre, cuando alguien la replica, por lo que \u201cel da\u00f1o ya est\u00e1 hecho\u201d, aun cuando el debido proceso indique que no se puede continuar con la medida cautelar.<\/p>\n<p class=\"western\">\u201cLa iron\u00eda de este caso, y la iron\u00eda de la elecci\u00f3n que estamos viviendo, es que los jueces responsables de vigilar la equidad en esta contienda ahora pueden estar involucrados en la comisi\u00f3n de este tipo de actos. En este sentido su responsabilidad es doble: de car\u00e1cter institucional, incluso algunos podr\u00edan decir de car\u00e1cter moral, de comportarse con absoluta imparcialidad, precisamente porque actos de esta naturaleza, si resultaran violatorios de la normativa electoral, no solamente tendr\u00edan la consecuencia de ser una infracci\u00f3n sino tambi\u00e9n pondr\u00edan en tela de juicio la confiabilidad de las propias instituciones encargadas de vigilar la equidad en la contienda\u201d.<\/p>\n<p class=\"western\">Agreg\u00f3 que con ello la comisi\u00f3n no se\u00f1ala que la publicaci\u00f3n sea violatoria, sin embargo, es necesario subrayar la responsabilidad.<\/p>\n<p class=\"western\">Y, adem\u00e1s, tambi\u00e9n porque quienes aspiran a ser jueces conocen la ley electoral.<\/p>\n<p class=\"western\">La consejera Claudia Zavala destac\u00f3 que la elecci\u00f3n judicial tiene la caracter\u00edstica de que personas que actualmente son funcionarios p\u00fablicos ser\u00e1n contendientes en un proceso a partir del voto popular, por lo que las reglas de equidad deben ser muy claras, en principio porque ya algunos tienen la calidad de candidatos, identificados con un n\u00famero asignado en la boleta.<\/p>\n","protected":false},"excerpt":{"rendered":"<p>El Instituto Nacional Electoral (INE) advirti\u00f3 a los candidatos, particularmente a los que ya son integrantes del Poder Judicial, que<\/p>\n","protected":false},"author":4,"featured_media":51211,"comment_status":"closed","ping_status":"closed","sticky":false,"template":"","format":"standard","meta":{"colormag_page_container_layout":"default_layout","colormag_page_sidebar_layout":"default_layout","_jetpack_memberships_contains_paid_content":false,"footnotes":"","jetpack_publicize_message":"","jetpack_publicize_feature_enabled":true,"jetpack_social_post_already_shared":true,"jetpack_social_options":{"image_generator_settings":{"template":"highway","default_image_id":0,"font":"","enabled":false},"version":2}},"categories":[4],"tags":[],"class_list":["post-51210","post","type-post","status-publish","format-standard","has-post-thumbnail","hentry","category-nacional"],"jetpack_publicize_connections":[],"jetpack_featured_media_url":"https:\/\/noticiasveracruz.com\/wp-content\/uploads\/2025\/02\/IN-2.jpg","jetpack_sharing_enabled":true,"publishpress_future_action":{"enabled":false,"date":"2026-05-08 12:03:21","action":"change-status","newStatus":"draft","terms":[],"taxonomy":"category","extraData":[]},"publishpress_future_workflow_manual_trigger":{"enabledWorkflows":[]},"_links":{"self":[{"href":"https:\/\/noticiasveracruz.com\/index.php\/wp-json\/wp\/v2\/posts\/51210","targetHints":{"allow":["GET"]}}],"collection":[{"href":"https:\/\/noticiasveracruz.com\/index.php\/wp-json\/wp\/v2\/posts"}],"about":[{"href":"https:\/\/noticiasveracruz.com\/index.php\/wp-json\/wp\/v2\/types\/post"}],"author":[{"embeddable":true,"href":"https:\/\/noticiasveracruz.com\/index.php\/wp-json\/wp\/v2\/users\/4"}],"replies":[{"embeddable":true,"href":"https:\/\/noticiasveracruz.com\/index.php\/wp-json\/wp\/v2\/comments?post=51210"}],"version-history":[{"count":0,"href":"https:\/\/noticiasveracruz.com\/index.php\/wp-json\/wp\/v2\/posts\/51210\/revisions"}],"wp:featuredmedia":[{"embeddable":true,"href":"https:\/\/noticiasveracruz.com\/index.php\/wp-json\/wp\/v2\/media\/51211"}],"wp:attachment":[{"href":"https:\/\/noticiasveracruz.com\/index.php\/wp-json\/wp\/v2\/media?parent=51210"}],"wp:term":[{"taxonomy":"category","embeddable":true,"href":"https:\/\/noticiasveracruz.com\/index.php\/wp-json\/wp\/v2\/categories?post=51210"},{"taxonomy":"post_tag","embeddable":true,"href":"https:\/\/noticiasveracruz.com\/index.php\/wp-json\/wp\/v2\/tags?post=51210"}],"curies":[{"name":"wp","href":"https:\/\/api.w.org\/{rel}","templated":true}]}}