{"id":51198,"date":"2025-02-27T00:04:18","date_gmt":"2025-02-27T06:04:18","guid":{"rendered":"https:\/\/noticiasveracruz.com\/?p=51198"},"modified":"2025-02-26T22:29:58","modified_gmt":"2025-02-27T04:29:58","slug":"fortalecen-gestion-ambiental","status":"publish","type":"post","link":"https:\/\/noticiasveracruz.com\/index.php\/2025\/02\/27\/fortalecen-gestion-ambiental\/","title":{"rendered":"Fortalecen gesti\u00f3n ambiental"},"content":{"rendered":"<p>Los ayuntamientos juegan un papel clave en la protecci\u00f3n del entorno, para apoyarlos en esta labor, la Secretar\u00eda de Medio Ambiente (Sedema) y la Procuradur\u00eda Estatal de Protecci\u00f3n al Medio Ambiente (PMA) les brindan herramientas para implementar y hacer cumplir las leyes en la materia.<\/p>\n<p>A trav\u00e9s de reuniones de trabajo, han definido estrategias para mejorar la gesti\u00f3n de residuos, conservar \u00e1reas verdes y fortalecer la normatividad ambiental; adem\u00e1s, de brindar asesor\u00eda t\u00e9cnica para que puedan desarrollar acciones m\u00e1s eficientes en favor del medio ambiente.<\/p>\n<p>Como parte de este esfuerzo, los ayuntamientos de Acayucan, \u00c1lamo, Boca del R\u00edo, Coatzacoalcos, Ixhuatl\u00e1n del Caf\u00e9, Mart\u00ednez de la Torre, Misantla, Nogales, Orizaba, P\u00e1nuco, Perote, Poza Rica, Santiago Tuxtla, Tantoyuca, Tierra Blanca, Xalapa y Zongolica se han sumado a la iniciativa.<\/p>\n<p>Los encuentros han sido encabezados por la secretaria y subsecretaria de la Sedema, Luz Mariela Zaleta Mendoza y Arantxa Zamitiz Sosa, respectivamente; y el titular de la PMA, \u00c1ngel Carrizales L\u00f3pez.<\/p>\n<p>Gracias a estos espacios se han identificado \u00e1reas de oportunidad y dise\u00f1ados planes de acci\u00f3n enfocados en reducir el impacto ambiental y mejorar la infraestructura ecol\u00f3gica.<\/p>\n<p>La Sedema extiende la invitaci\u00f3n a los dem\u00e1s ayuntamientos a conocer los servicios, programas y estrategias disponibles para desarrollar e implementar pol\u00edticas que fomenten un entorno saludable y sostenible para las y los veracruzanos.<\/p>\n","protected":false},"excerpt":{"rendered":"<p>Los ayuntamientos juegan un papel clave en la protecci\u00f3n del entorno, para apoyarlos en esta labor, la Secretar\u00eda de Medio<\/p>\n","protected":false},"author":4,"featured_media":51199,"comment_status":"closed","ping_status":"closed","sticky":false,"template":"","format":"standard","meta":{"colormag_page_container_layout":"default_layout","colormag_page_sidebar_layout":"default_layout","_jetpack_memberships_contains_paid_content":false,"footnotes":"","jetpack_publicize_message":"","jetpack_publicize_feature_enabled":true,"jetpack_social_post_already_shared":true,"jetpack_social_options":{"image_generator_settings":{"template":"highway","default_image_id":0,"font":"","enabled":false},"version":2}},"categories":[356],"tags":[],"class_list":["post-51198","post","type-post","status-publish","format-standard","has-post-thumbnail","hentry","category-veracruz"],"jetpack_publicize_connections":[],"jetpack_featured_media_url":"https:\/\/noticiasveracruz.com\/wp-content\/uploads\/2025\/02\/8a-6.jpg","jetpack_sharing_enabled":true,"publishpress_future_action":{"enabled":false,"date":"2026-05-10 04:42:00","action":"change-status","newStatus":"draft","terms":[],"taxonomy":"category","extraData":[]},"publishpress_future_workflow_manual_trigger":{"enabledWorkflows":[]},"_links":{"self":[{"href":"https:\/\/noticiasveracruz.com\/index.php\/wp-json\/wp\/v2\/posts\/51198","targetHints":{"allow":["GET"]}}],"collection":[{"href":"https:\/\/noticiasveracruz.com\/index.php\/wp-json\/wp\/v2\/posts"}],"about":[{"href":"https:\/\/noticiasveracruz.com\/index.php\/wp-json\/wp\/v2\/types\/post"}],"author":[{"embeddable":true,"href":"https:\/\/noticiasveracruz.com\/index.php\/wp-json\/wp\/v2\/users\/4"}],"replies":[{"embeddable":true,"href":"https:\/\/noticiasveracruz.com\/index.php\/wp-json\/wp\/v2\/comments?post=51198"}],"version-history":[{"count":0,"href":"https:\/\/noticiasveracruz.com\/index.php\/wp-json\/wp\/v2\/posts\/51198\/revisions"}],"wp:featuredmedia":[{"embeddable":true,"href":"https:\/\/noticiasveracruz.com\/index.php\/wp-json\/wp\/v2\/media\/51199"}],"wp:attachment":[{"href":"https:\/\/noticiasveracruz.com\/index.php\/wp-json\/wp\/v2\/media?parent=51198"}],"wp:term":[{"taxonomy":"category","embeddable":true,"href":"https:\/\/noticiasveracruz.com\/index.php\/wp-json\/wp\/v2\/categories?post=51198"},{"taxonomy":"post_tag","embeddable":true,"href":"https:\/\/noticiasveracruz.com\/index.php\/wp-json\/wp\/v2\/tags?post=51198"}],"curies":[{"name":"wp","href":"https:\/\/api.w.org\/{rel}","templated":true}]}}