{"id":51195,"date":"2025-02-27T00:03:15","date_gmt":"2025-02-27T06:03:15","guid":{"rendered":"https:\/\/noticiasveracruz.com\/?p=51195"},"modified":"2025-02-26T22:29:02","modified_gmt":"2025-02-27T04:29:02","slug":"se-invertira-en-infraestructura","status":"publish","type":"post","link":"https:\/\/noticiasveracruz.com\/index.php\/2025\/02\/27\/se-invertira-en-infraestructura\/","title":{"rendered":"Se invertir\u00e1 en infraestructura"},"content":{"rendered":"<p>La gobernadora Roc\u00edo Nahle Garc\u00eda agradeci\u00f3 a la presidenta Claudia Sheinbaum Pardo por incluir a Veracruz en el Programa Nacional de Infraestructura Carretera 2025-2030, lo que permitir\u00e1 el inicio de intervenciones prioritarias este mismo a\u00f1o.<\/p>\n<p>Durante la conferencia matutina Las ma\u00f1aneras del pueblo, el secretario de Infraestructura, Comunicaciones y Transportes, Jes\u00fas Antonio Esteva Medina, present\u00f3 los proyectos estrat\u00e9gicos que se llevar\u00e1n a cabo en la entidad para mejorar la conectividad y fortalecer la red federal de carreteras, puentes y otras vialidades.<\/p>\n<p>Uno de ellos es el puente Coatzacoalcos I, cuya ejecuci\u00f3n tomar\u00e1 tres a\u00f1os, y desde este ejercicio ya se trabaja en el desarrollo del proyecto definitivo, con un nuevo trazo optimizado.<\/p>\n<p>Asimismo, se inform\u00f3 que la construcci\u00f3n del distribuidor vial de acceso al puerto de Veracruz comenzar\u00e1 en abril, tras la conclusi\u00f3n de los estudios de modelaci\u00f3n y la definici\u00f3n de soluciones para los movimientos direccionales.<\/p>\n<p>Tambi\u00e9n se contempla el distribuidor vial de Paso del Toro, de 350 metros de longitud, que mejorar\u00e1 la conectividad dentro de la zona portuaria.<\/p>\n<p>Otro proyecto clave es la modernizaci\u00f3n de la carretera C\u00f3rdoba-Orizaba, que abarca 45 kil\u00f3metros y se ejecutar\u00e1 en tres a\u00f1os bajo un esquema de inversi\u00f3n mixta.<\/p>\n<p>De igual forma, se rehabilitar\u00e1 la v\u00eda Cardel-La Tinaja y su ramal al puerto de Veracruz, con 86 kil\u00f3metros de longitud, como parte de un corredor estrat\u00e9gico que conecta el sureste con el norte del pa\u00eds.<\/p>\n<p>Adem\u00e1s de estas obras, se destac\u00f3 el avance del programa de conservaci\u00f3n y mantenimiento de carreteras en la entidad, que incluye bacheo, mapeo, deshierbe y limpieza de cunetas, en coordinaci\u00f3n con la Secretar\u00eda de la Defensa Nacional, abarcando tramos clave de Veracruz y el sureste del pa\u00eds.<\/p>\n","protected":false},"excerpt":{"rendered":"<p>La gobernadora Roc\u00edo Nahle Garc\u00eda agradeci\u00f3 a la presidenta Claudia Sheinbaum Pardo por incluir a Veracruz en el Programa Nacional<\/p>\n","protected":false},"author":4,"featured_media":51196,"comment_status":"closed","ping_status":"closed","sticky":false,"template":"","format":"standard","meta":{"colormag_page_container_layout":"default_layout","colormag_page_sidebar_layout":"default_layout","_jetpack_memberships_contains_paid_content":false,"footnotes":"","jetpack_publicize_message":"","jetpack_publicize_feature_enabled":true,"jetpack_social_post_already_shared":true,"jetpack_social_options":{"image_generator_settings":{"template":"highway","default_image_id":0,"font":"","enabled":false},"version":2}},"categories":[356],"tags":[],"class_list":["post-51195","post","type-post","status-publish","format-standard","has-post-thumbnail","hentry","category-veracruz"],"jetpack_publicize_connections":[],"jetpack_featured_media_url":"https:\/\/noticiasveracruz.com\/wp-content\/uploads\/2025\/02\/9a-19.jpg","jetpack_sharing_enabled":true,"publishpress_future_action":{"enabled":false,"date":"2026-05-08 06:41:08","action":"change-status","newStatus":"draft","terms":[],"taxonomy":"category","extraData":[]},"publishpress_future_workflow_manual_trigger":{"enabledWorkflows":[]},"_links":{"self":[{"href":"https:\/\/noticiasveracruz.com\/index.php\/wp-json\/wp\/v2\/posts\/51195","targetHints":{"allow":["GET"]}}],"collection":[{"href":"https:\/\/noticiasveracruz.com\/index.php\/wp-json\/wp\/v2\/posts"}],"about":[{"href":"https:\/\/noticiasveracruz.com\/index.php\/wp-json\/wp\/v2\/types\/post"}],"author":[{"embeddable":true,"href":"https:\/\/noticiasveracruz.com\/index.php\/wp-json\/wp\/v2\/users\/4"}],"replies":[{"embeddable":true,"href":"https:\/\/noticiasveracruz.com\/index.php\/wp-json\/wp\/v2\/comments?post=51195"}],"version-history":[{"count":0,"href":"https:\/\/noticiasveracruz.com\/index.php\/wp-json\/wp\/v2\/posts\/51195\/revisions"}],"wp:featuredmedia":[{"embeddable":true,"href":"https:\/\/noticiasveracruz.com\/index.php\/wp-json\/wp\/v2\/media\/51196"}],"wp:attachment":[{"href":"https:\/\/noticiasveracruz.com\/index.php\/wp-json\/wp\/v2\/media?parent=51195"}],"wp:term":[{"taxonomy":"category","embeddable":true,"href":"https:\/\/noticiasveracruz.com\/index.php\/wp-json\/wp\/v2\/categories?post=51195"},{"taxonomy":"post_tag","embeddable":true,"href":"https:\/\/noticiasveracruz.com\/index.php\/wp-json\/wp\/v2\/tags?post=51195"}],"curies":[{"name":"wp","href":"https:\/\/api.w.org\/{rel}","templated":true}]}}