{"id":51192,"date":"2025-02-27T00:02:24","date_gmt":"2025-02-27T06:02:24","guid":{"rendered":"https:\/\/noticiasveracruz.com\/?p=51192"},"modified":"2025-02-26T22:28:07","modified_gmt":"2025-02-27T04:28:07","slug":"entregan-mil-470-tarjetas-de-la-beca-rita-cetina","status":"publish","type":"post","link":"https:\/\/noticiasveracruz.com\/index.php\/2025\/02\/27\/entregan-mil-470-tarjetas-de-la-beca-rita-cetina\/","title":{"rendered":"Entregan mil 470 tarjetas de la beca Rita Cetina"},"content":{"rendered":"<p>La Secretar\u00eda de Educaci\u00f3n (SEV) y la Coordinaci\u00f3n Nacional de Becas para el Bienestar entregaron mil 470 tarjetas de la nueva beca Rita Cetina a estudiantes de la Escuela Secundaria General No. 5 Manuel R. Guti\u00e9rrez, de este municipio.<\/p>\n<p>Como parte del impulso a la educaci\u00f3n p\u00fablica y el bienestar de la ni\u00f1ez y juventud veracruzana, estudiantes de 3 mil 352 secundarias ser\u00e1n beneficiados con este programa que avanza significativamente luego de que, en d\u00edas pasados, la presidenta Claudia Sheinbaum Pardo y la gobernadora Roc\u00edo Nahle Garc\u00eda entregar\u00e1n las primeras tarjetas del Banco del Bienestar.<\/p>\n<p>Al respecto, la titular de la SEV, Claudia Tello Espinosa, destac\u00f3 que apoyar a la poblaci\u00f3n estudiantil no s\u00f3lo motiva a las y los j\u00f3venes a continuar con su preparaci\u00f3n acad\u00e9mica, tambi\u00e9n contribuye a la econom\u00eda familiar y ayuda a reducir la deserci\u00f3n escolar en este nivel educativo.<\/p>\n<p>Asimismo, resalt\u00f3 el compromiso de la Presidenta y la Gobernadora de garantizar una educaci\u00f3n de calidad y generar oportunidades equitativas, evitando que ni\u00f1as, ni\u00f1os, adolescentes y j\u00f3venes se queden sin estudiar.<\/p>\n<p>Con la beca \u201cRita Cetina\u201d, las y los alumnos recibir\u00e1n mil 900 pesos bimestrales para solventar sus gastos escolares, adem\u00e1s de un apoyo adicional de 700 pesos por cada hermana o hermano que tambi\u00e9n curse el mismo nivel.<\/p>\n<p>El representante de la Coordinaci\u00f3n Nacional de Becas para el Bienestar en Veracruz, Carlos Alberto Villa Jim\u00e9nez, enfatiz\u00f3 que, en esta primera etapa, el programa beneficiar\u00e1 exclusivamente a estudiantes de secundarias p\u00fablicas, por lo que exhort\u00f3 a madres y padres de familia a mantenerse atentos al proceso.<\/p>\n","protected":false},"excerpt":{"rendered":"<p>La Secretar\u00eda de Educaci\u00f3n (SEV) y la Coordinaci\u00f3n Nacional de Becas para el Bienestar entregaron mil 470 tarjetas de la<\/p>\n","protected":false},"author":4,"featured_media":51193,"comment_status":"closed","ping_status":"closed","sticky":false,"template":"","format":"standard","meta":{"colormag_page_container_layout":"default_layout","colormag_page_sidebar_layout":"default_layout","_jetpack_memberships_contains_paid_content":false,"footnotes":"","jetpack_publicize_message":"","jetpack_publicize_feature_enabled":true,"jetpack_social_post_already_shared":true,"jetpack_social_options":{"image_generator_settings":{"template":"highway","default_image_id":0,"font":"","enabled":false},"version":2}},"categories":[356],"tags":[],"class_list":["post-51192","post","type-post","status-publish","format-standard","has-post-thumbnail","hentry","category-veracruz"],"jetpack_publicize_connections":[],"jetpack_featured_media_url":"https:\/\/noticiasveracruz.com\/wp-content\/uploads\/2025\/02\/9b-11.jpg","jetpack_sharing_enabled":true,"publishpress_future_action":{"enabled":false,"date":"2026-05-08 05:50:46","action":"change-status","newStatus":"draft","terms":[],"taxonomy":"category","extraData":[]},"publishpress_future_workflow_manual_trigger":{"enabledWorkflows":[]},"_links":{"self":[{"href":"https:\/\/noticiasveracruz.com\/index.php\/wp-json\/wp\/v2\/posts\/51192","targetHints":{"allow":["GET"]}}],"collection":[{"href":"https:\/\/noticiasveracruz.com\/index.php\/wp-json\/wp\/v2\/posts"}],"about":[{"href":"https:\/\/noticiasveracruz.com\/index.php\/wp-json\/wp\/v2\/types\/post"}],"author":[{"embeddable":true,"href":"https:\/\/noticiasveracruz.com\/index.php\/wp-json\/wp\/v2\/users\/4"}],"replies":[{"embeddable":true,"href":"https:\/\/noticiasveracruz.com\/index.php\/wp-json\/wp\/v2\/comments?post=51192"}],"version-history":[{"count":0,"href":"https:\/\/noticiasveracruz.com\/index.php\/wp-json\/wp\/v2\/posts\/51192\/revisions"}],"wp:featuredmedia":[{"embeddable":true,"href":"https:\/\/noticiasveracruz.com\/index.php\/wp-json\/wp\/v2\/media\/51193"}],"wp:attachment":[{"href":"https:\/\/noticiasveracruz.com\/index.php\/wp-json\/wp\/v2\/media?parent=51192"}],"wp:term":[{"taxonomy":"category","embeddable":true,"href":"https:\/\/noticiasveracruz.com\/index.php\/wp-json\/wp\/v2\/categories?post=51192"},{"taxonomy":"post_tag","embeddable":true,"href":"https:\/\/noticiasveracruz.com\/index.php\/wp-json\/wp\/v2\/tags?post=51192"}],"curies":[{"name":"wp","href":"https:\/\/api.w.org\/{rel}","templated":true}]}}