{"id":51189,"date":"2025-02-27T00:01:45","date_gmt":"2025-02-27T06:01:45","guid":{"rendered":"https:\/\/noticiasveracruz.com\/?p=51189"},"modified":"2025-02-26T22:27:12","modified_gmt":"2025-02-27T04:27:12","slug":"realiza-sectur-foro-de-servicios-turisticos","status":"publish","type":"post","link":"https:\/\/noticiasveracruz.com\/index.php\/2025\/02\/27\/realiza-sectur-foro-de-servicios-turisticos\/","title":{"rendered":"Realiza Sectur foro de Servicios Tur\u00edsticos"},"content":{"rendered":"<p>Hoteleros, restauranteros, touroperadores, artesanos y empresarios de 22 municipios de la Regi\u00f3n Totonaca participaron en el segundo foro Servicios Tur\u00edsticos y Vinculaci\u00f3n con la Secretar\u00eda de Turismo (Sectur).<\/p>\n<p>Igualmente, la dependencia estatal capacit\u00f3 en el tema Cultura tur\u00edstica a prestadores de servicios y entreg\u00f3 a representantes del ramo de Papantla, Tecolutla y Poza Rica las certificaciones en las categor\u00edas: Distintivo Nacional de Calidad Tur\u00edstica, Moderniza B\u00e1sico, Punto Limpio, Registro Nacional de Turismo y Sistema de Clasificaci\u00f3n Hotelera.<\/p>\n<p>Estos foros buscan fortalecer la profesionalizaci\u00f3n del sector a trav\u00e9s de estas actividades, tambi\u00e9n, en este marco, se analizaron propuestas para impulsar proyectos que promuevan las riquezas culturales y naturales de la zona, de la mano de expertos, autoridades y empresarios.<\/p>\n<p>A trav\u00e9s del subsecretario de Promoci\u00f3n y Atenci\u00f3n Tur\u00edstica, Jorge Flores Lara, la dependencia reafirm\u00f3 su compromiso con el desarrollo tur\u00edstico y la preservaci\u00f3n de la cultura totonaca como motor de crecimiento econ\u00f3mico, destacando la colaboraci\u00f3n para posicionar la regi\u00f3n como un destino de primer nivel.<\/p>\n","protected":false},"excerpt":{"rendered":"<p>Hoteleros, restauranteros, touroperadores, artesanos y empresarios de 22 municipios de la Regi\u00f3n Totonaca participaron en el segundo foro Servicios Tur\u00edsticos<\/p>\n","protected":false},"author":4,"featured_media":51190,"comment_status":"closed","ping_status":"closed","sticky":false,"template":"","format":"standard","meta":{"colormag_page_container_layout":"default_layout","colormag_page_sidebar_layout":"default_layout","_jetpack_memberships_contains_paid_content":false,"footnotes":"","jetpack_publicize_message":"","jetpack_publicize_feature_enabled":true,"jetpack_social_post_already_shared":true,"jetpack_social_options":{"image_generator_settings":{"template":"highway","default_image_id":0,"font":"","enabled":false},"version":2}},"categories":[356],"tags":[],"class_list":["post-51189","post","type-post","status-publish","format-standard","has-post-thumbnail","hentry","category-veracruz"],"jetpack_publicize_connections":[],"jetpack_featured_media_url":"https:\/\/noticiasveracruz.com\/wp-content\/uploads\/2025\/02\/9c-12-scaled.jpg","jetpack_sharing_enabled":true,"publishpress_future_action":{"enabled":false,"date":"2026-05-08 05:05:02","action":"change-status","newStatus":"draft","terms":[],"taxonomy":"category","extraData":[]},"publishpress_future_workflow_manual_trigger":{"enabledWorkflows":[]},"_links":{"self":[{"href":"https:\/\/noticiasveracruz.com\/index.php\/wp-json\/wp\/v2\/posts\/51189","targetHints":{"allow":["GET"]}}],"collection":[{"href":"https:\/\/noticiasveracruz.com\/index.php\/wp-json\/wp\/v2\/posts"}],"about":[{"href":"https:\/\/noticiasveracruz.com\/index.php\/wp-json\/wp\/v2\/types\/post"}],"author":[{"embeddable":true,"href":"https:\/\/noticiasveracruz.com\/index.php\/wp-json\/wp\/v2\/users\/4"}],"replies":[{"embeddable":true,"href":"https:\/\/noticiasveracruz.com\/index.php\/wp-json\/wp\/v2\/comments?post=51189"}],"version-history":[{"count":0,"href":"https:\/\/noticiasveracruz.com\/index.php\/wp-json\/wp\/v2\/posts\/51189\/revisions"}],"wp:featuredmedia":[{"embeddable":true,"href":"https:\/\/noticiasveracruz.com\/index.php\/wp-json\/wp\/v2\/media\/51190"}],"wp:attachment":[{"href":"https:\/\/noticiasveracruz.com\/index.php\/wp-json\/wp\/v2\/media?parent=51189"}],"wp:term":[{"taxonomy":"category","embeddable":true,"href":"https:\/\/noticiasveracruz.com\/index.php\/wp-json\/wp\/v2\/categories?post=51189"},{"taxonomy":"post_tag","embeddable":true,"href":"https:\/\/noticiasveracruz.com\/index.php\/wp-json\/wp\/v2\/tags?post=51189"}],"curies":[{"name":"wp","href":"https:\/\/api.w.org\/{rel}","templated":true}]}}