{"id":51182,"date":"2025-02-26T00:24:10","date_gmt":"2025-02-26T06:24:10","guid":{"rendered":"https:\/\/noticiasveracruz.com\/?p=51182"},"modified":"2025-02-25T23:00:23","modified_gmt":"2025-02-26T05:00:23","slug":"ley-contra-nepotismo-hasta-2030","status":"publish","type":"post","link":"https:\/\/noticiasveracruz.com\/index.php\/2025\/02\/26\/ley-contra-nepotismo-hasta-2030\/","title":{"rendered":"Ley contra nepotismo hasta 2030"},"content":{"rendered":"<p><span style=\"font-size: 14pt;\"><strong>ALMA GRANDE<\/strong><\/span><\/p>\n<p><span style=\"font-size: 14pt;\"><strong>Por \u00c1ngel \u00c1lvaro Pe\u00f1a<\/strong><\/span><\/p>\n<p><span style=\"font-size: 14pt;\">La oposici\u00f3n quiere influir en la pol\u00edtica mexicana a partir del rumor, y crea una serie de trampas para enga\u00f1ar a la poblaci\u00f3n con deducciones que carecen de l\u00f3gica.<\/span><\/p>\n<p><span style=\"font-size: 14pt;\">Para la oposici\u00f3n lo ideal hubiera sido que el ex Presidente \u00c1ndr\u00e9s Manuel L\u00f3pez Obrador ni tuviera hijos y si los tiene se dedicaran a otra actividad menos a la pol\u00edtica, porque saben que cualquiera que tenga nexos familiares con el ex mandatario los volver\u00eda a aplastar.<\/span><\/p>\n<p><span style=\"font-size: 14pt;\">Nunca dijeron nada de los hijos de ex presidentes de la Rep\u00fablica empezando por Miguel Alem\u00e1n y terminando con Enrique de la Madrid, quien hab\u00eda concursado por la candidatura de la oposici\u00f3n en 2024, al puesto pol\u00edtico m\u00e1s importante de M\u00e9xico y algunos apostaban por \u00e9l como el ideal candidato, pero lo sacaron en la recta final inexplicablemente.<\/span><\/p>\n<p><span style=\"font-size: 14pt;\">La inquietud de la oposici\u00f3n que intentaron convertir en profec\u00eda, fue que si Andr\u00e9s Manuel L\u00f3pez Beltr\u00e1n incursionaba en la pol\u00edtica no compitiera por la Presidencia. No lo est\u00e1 haciendo y probablemente nunca lo haga. El hecho es que con un sexenio de por medio, a\u00fan con la ley contra el nepotismo y la reelecci\u00f3n, podr\u00eda concursar.<\/span><\/p>\n<p><span style=\"font-size: 14pt;\">No se trata de cerrar las puertas a nadie, sino que de manera continua en el tiempo no se ocupe el espacio que un familiar de alg\u00fan pol\u00edtico en funciones. No se proh\u00edbe la participaci\u00f3n pol\u00edtica de familiares sino la continuidad en cargos para evitar que se borren evidencias de alg\u00fan mal gobierno, como cuando la esposa de Rafael Moreno Valle en la gubernatura de Puebla o la presidencia municipal de Huixquilucan, donde Enrique Vargas hered\u00f3 a su esposa el cargo y luego ella, le cedi\u00f3 el cargo, tres a\u00f1os despu\u00e9s, al propio Vargas del Villar.<\/span><\/p>\n<p><span style=\"font-size: 14pt;\">Hay dos tipos de pol\u00edticos en funciones, los que llegan a trav\u00e9s del voto, es decir, de elecci\u00f3n popular y por designaci\u00f3n. En ambos casos hay precisiones en la ley reci\u00e9n aprobada que los restringe.<\/span><\/p>\n<p><span style=\"font-size: 14pt;\">El pasado martes 25 de febrero el Senado aprob\u00f3, en lo\u00a0general y particular, la reforma constitucional,\u00a0impulsada por la presidenta Claudia Sheinbaum, que proh\u00edbe la reelecci\u00f3n inmediata y el nepotismo electoral con 97 votos a favor y 26 en contra.<\/span><\/p>\n<p><span style=\"font-size: 14pt;\">Sin embargo,\u00a0Morena y el Partido Verde introdujeron un cambio clave: posponer la entrada en vigor de la prohibici\u00f3n hasta 2030 y no en 2027 como lo hab\u00eda propuesto la Presidenta Sheinbaum.<\/span><\/p>\n<p><span style=\"font-size: 14pt;\">Esta modificaci\u00f3n abre la puerta para que\u00a0la senadora Ruth Gonz\u00e1lez Silva, esposa del gobernador de San Luis Potos\u00ed, Ricardo Gallardo Cardona, pueda competir por la gubernatura en las elecciones de 2027,\u00a0pero aleatoriamente podr\u00eda cerrar la posibilidad para\u00a0Andr\u00e9s Manuel L\u00f3pez Beltr\u00e1n, hijo del ex presidente Andr\u00e9s Manuel L\u00f3pez Obrador, para que aspire a alg\u00fan cargo en 2030, como lo especulan opositores y especialistas, quienes afirman que buscar\u00eda la presidencia con la plataforma pol\u00edtica que cre\u00f3 su padre.<\/span><\/p>\n<p><span style=\"font-size: 14pt;\">El perfil que ha escogido L\u00f3pez Beltr\u00e1n nada tiene que ver con su posible postulaci\u00f3n en 2030; sin embargo, si la pol\u00edtica es su vocaci\u00f3n seguir\u00e1 trabajando en el partido, pero no en la Presidencia de la Rep\u00fablica, lo cual ser\u00eda una irresponsabilidad a pesar del apellido que carga.<\/span><\/p>\n<p><span style=\"font-size: 14pt;\">Porque para cubrir perfiles hacia la Presidencia, a trav\u00e9s de Morena, se requiere una preparaci\u00f3n muy diferente a la que tiene el hijo del ex presidente.<\/span><\/p>\n<p><span style=\"font-size: 14pt;\">La vocaci\u00f3n no la determinan los genes y no toda segunda parte fue buena, a pesar de los intentos de que as\u00ed fuera de algunos funcionarios p\u00fablicos que todav\u00eda se amparan con el apelativo de sus ancestros.<\/span><\/p>\n<p><span style=\"font-size: 14pt;\">La oposici\u00f3n demostr\u00f3 en esta sesi\u00f3n que, pase lo que pase, ellos estar\u00e1n en desacuerdo. Si la votaci\u00f3n hubiera aprobado para 2027, como lo determinaba la iniciativa presentada por Claudia Sheinbaum, se\u00f1alar\u00eda que el legislativo, obedece al Ejecutivo. Ahora, como se cambiaron fechas de vigencia de la ley, el senador de Movimiento Ciudadano, Clemente Casta\u00f1eda, cuestion\u00f3 la reforma y advirti\u00f3 que el aplazamiento desvirt\u00faa su prop\u00f3sito original.<\/span><\/p>\n<p><span style=\"font-size: 14pt;\">Los panistas y priistas insisten en que la reelecci\u00f3n al periodo siguiente hace mejores funcionarios p\u00fablicos, lo que sucede es que ellos no tienen cuadros suficientes para cubrir la cada d\u00eda m\u00e1s peque\u00f1a representaci\u00f3n popular en los congresos locales ni en las c\u00e1maras federales.<\/span><\/p>\n<p><span style=\"font-size: 14pt;\"><strong>PEGA Y CORRE.-<\/strong> A la asociaci\u00f3n de Claudio X. Gonz\u00e1lez, Mexicanos contra la Corrupci\u00f3n y la Impunidad, le fue cancelada por el SAT, la posibilidad de recibir donaciones, lo cual implica dejar de recibir por m\u00e1s de 300 millones de pesos al a\u00f1o, independientemente de la desaparici\u00f3n de USAID, de Estados Unidos que otorgaba m\u00e1s de un mill\u00f3n de d\u00f3lares a este grupo\u2026 Esta columna se publica los lunes, mi\u00e9rcoles y viernes.<\/span><\/p>\n<p><img loading=\"lazy\" decoding=\"async\" class=\"alignnone wp-image-50995 size-full\" src=\"http:\/\/noticiasveracruz.com\/wp-content\/uploads\/2025\/02\/FIRMA-EDITORIAL-PD-6.jpg\" alt=\"\" width=\"1024\" height=\"125\" srcset=\"https:\/\/noticiasveracruz.com\/wp-content\/uploads\/2025\/02\/FIRMA-EDITORIAL-PD-6.jpg 1024w, https:\/\/noticiasveracruz.com\/wp-content\/uploads\/2025\/02\/FIRMA-EDITORIAL-PD-6-300x37.jpg 300w, https:\/\/noticiasveracruz.com\/wp-content\/uploads\/2025\/02\/FIRMA-EDITORIAL-PD-6-768x94.jpg 768w\" sizes=\"auto, (max-width: 1024px) 100vw, 1024px\" \/><\/p>\n","protected":false},"excerpt":{"rendered":"<p>ALMA GRANDE Por \u00c1ngel \u00c1lvaro Pe\u00f1a La oposici\u00f3n quiere influir en la pol\u00edtica mexicana a partir del rumor, y crea<\/p>\n","protected":false},"author":4,"featured_media":50691,"comment_status":"closed","ping_status":"closed","sticky":false,"template":"","format":"standard","meta":{"colormag_page_container_layout":"default_layout","colormag_page_sidebar_layout":"default_layout","_jetpack_memberships_contains_paid_content":false,"footnotes":"","jetpack_publicize_message":"","jetpack_publicize_feature_enabled":true,"jetpack_social_post_already_shared":true,"jetpack_social_options":{"image_generator_settings":{"template":"highway","default_image_id":0,"font":"","enabled":false},"version":2}},"categories":[6],"tags":[],"class_list":["post-51182","post","type-post","status-publish","format-standard","has-post-thumbnail","hentry","category-columnistas"],"jetpack_publicize_connections":[],"jetpack_featured_media_url":"https:\/\/noticiasveracruz.com\/wp-content\/uploads\/2025\/02\/BANNER-LOPEZ-DORIGA-DIGITAL-3.jpg","jetpack_sharing_enabled":true,"publishpress_future_action":{"enabled":false,"date":"2026-05-08 05:05:11","action":"change-status","newStatus":"draft","terms":[],"taxonomy":"category","extraData":[]},"publishpress_future_workflow_manual_trigger":{"enabledWorkflows":[]},"_links":{"self":[{"href":"https:\/\/noticiasveracruz.com\/index.php\/wp-json\/wp\/v2\/posts\/51182","targetHints":{"allow":["GET"]}}],"collection":[{"href":"https:\/\/noticiasveracruz.com\/index.php\/wp-json\/wp\/v2\/posts"}],"about":[{"href":"https:\/\/noticiasveracruz.com\/index.php\/wp-json\/wp\/v2\/types\/post"}],"author":[{"embeddable":true,"href":"https:\/\/noticiasveracruz.com\/index.php\/wp-json\/wp\/v2\/users\/4"}],"replies":[{"embeddable":true,"href":"https:\/\/noticiasveracruz.com\/index.php\/wp-json\/wp\/v2\/comments?post=51182"}],"version-history":[{"count":0,"href":"https:\/\/noticiasveracruz.com\/index.php\/wp-json\/wp\/v2\/posts\/51182\/revisions"}],"wp:featuredmedia":[{"embeddable":true,"href":"https:\/\/noticiasveracruz.com\/index.php\/wp-json\/wp\/v2\/media\/50691"}],"wp:attachment":[{"href":"https:\/\/noticiasveracruz.com\/index.php\/wp-json\/wp\/v2\/media?parent=51182"}],"wp:term":[{"taxonomy":"category","embeddable":true,"href":"https:\/\/noticiasveracruz.com\/index.php\/wp-json\/wp\/v2\/categories?post=51182"},{"taxonomy":"post_tag","embeddable":true,"href":"https:\/\/noticiasveracruz.com\/index.php\/wp-json\/wp\/v2\/tags?post=51182"}],"curies":[{"name":"wp","href":"https:\/\/api.w.org\/{rel}","templated":true}]}}