{"id":51176,"date":"2025-02-26T00:21:15","date_gmt":"2025-02-26T06:21:15","guid":{"rendered":"https:\/\/noticiasveracruz.com\/?p=51176"},"modified":"2025-02-25T22:51:49","modified_gmt":"2025-02-26T04:51:49","slug":"platica-con-la-magistrada-rosalba-hernandez","status":"publish","type":"post","link":"https:\/\/noticiasveracruz.com\/index.php\/2025\/02\/26\/platica-con-la-magistrada-rosalba-hernandez\/","title":{"rendered":"Pl\u00e1tica con la Magistrada Rosalba Hern\u00e1ndez"},"content":{"rendered":"<ul>\n<li style=\"font-weight: 400;\"><strong>el trabajo en un tribunal es un trabajo t\u00e9cnico, extenuante<\/strong><\/li>\n<li style=\"font-weight: 400;\"><strong>hay juzgados que tienen 5,000 expedientes, se necesita vocaci\u00f3n y pasi\u00f3n<\/strong><\/li>\n<li style=\"font-weight: 400;\"><strong>Una carrera marcada por la dedicaci\u00f3n y el compromiso con la justicia\u00a0los derechos ind\u00edgenas y humanos<\/strong><\/li>\n<\/ul>\n<p style=\"font-weight: 400;\">Por Miguel \u00c1ngel Cristiani G.<\/p>\n<p style=\"font-weight: 400;\">La actual Magistrada del Poder Judicial en el estado de Veracruz, la doctora en derecho Rosalba Hern\u00e1ndez que habr\u00e1 de participar en la renovaci\u00f3n de la mitad de ese cuerpo colegiado, platic\u00f3 ampliamente con algunos de los miembros del Grupo de los 10, con quienes coment\u00f3 la situaci\u00f3n in\u00e9dita que se habr\u00e1 de vivir en la votaci\u00f3n del 1 de junio pr\u00f3ximo.<\/p>\n<p style=\"font-weight: 400;\">La tambi\u00e9n catedr\u00e1tica en la Facultad de Derecho de la Universidad Veracruzana nos coment\u00f3 que \u201cEl tema es que hay muy poca informaci\u00f3n y tambi\u00e9n hay muy pocos recursos para el tema de la difusi\u00f3n, entonces el pr\u00f3ximo 1 de junio, ustedes saben, va a haber elecci\u00f3n municipal y tambi\u00e9n va a haber para elegir tanto a quienes van a integrar la mitad del Poder Judicial Federal y la mitad del Poder Judicial Local y va a haber 10 boletas 11 con la municipal, pero van a estar en diferentes centros de votaci\u00f3n porque en uno participan los partidos pol\u00edticos y en la otra no, entonces yo creo que pues es un una transformaci\u00f3n hist\u00f3rica, es una reforma que pues vamos a ver despu\u00e9s del 1 de junio c\u00f3mo se va a evaluar ya en su implementaci\u00f3n y como ustedes seguramente podr\u00e1n haber visto, si hay mucha gente que est\u00e1 muy interesada en el tema de c\u00f3mo se va a implementar, o sea creo que s\u00ed hay mucha reticencia en muchos sectores, pero hay muchos sectores tambi\u00e9n que est\u00e1n en expectativa de que es lo que va a pasar, d\u00f3nde van a estar los centros de votaci\u00f3n, este c\u00f3mo van a conocer a quienes van a ser en su momento candidatas o candidatos y bueno esto no es este algo secreto, quienes estamos en funciones y decidimos que s\u00ed vamos a ir a la elecci\u00f3n, vamos a ir directo a la boleta, se nos va a incorporar tambi\u00e9n en la boleta electoral en su momento.<\/p>\n<p style=\"font-weight: 400;\">\u00a0Ya empezaron a imprimirse las boletas, es un trabajo enorme el que tiene que hacer la federaci\u00f3n, pero adem\u00e1s por la elecci\u00f3n municipal en Veracruz, pero quienes van a recibir la votaci\u00f3n van a ser igual los vecinos y las vecinas, es decir la ciudadan\u00eda, es la que va a recibir en las casillas, entonces van a integrar castillas para la elecci\u00f3n municipal, y van a integrar tambi\u00e9n centros de votaci\u00f3n, para la elecci\u00f3n del Poder Judicial.<\/p>\n<p style=\"font-weight: 400;\">Entonces esa es parte de lo que s\u00ed tiene que saber la poblaci\u00f3n y c\u00f3mo van a poder ubicar sus casillas, para saber esta es elecci\u00f3n municipal y esta es la elecci\u00f3n de quienes van a integrar el Poder Judicial, con la mitad ahorita, se va a renovar todo, pero ahorita, es la mitad.<\/p>\n<p style=\"font-weight: 400;\">Algo que he reiterado cuando me preguntan, es que cuando pensamos en los justiciables, pensamos que son personas externas pero no, cualquiera de nosotros puede ser justiciable, entonces que nos tendr\u00eda que interesar, que la persona que va a resolver nuestro asunto, que va a resolver nuestro conflicto en primera instancia segunda instancia o sea en un juzgado en un tribunal o en amparo o sea una persona que tenga formaci\u00f3n, que tenga experiencia, que tenga expertise, que tenga pasi\u00f3n tambi\u00e9n con el tema del derecho, porque se lo vamos a dar a cualquier nuestro asunto cualquier persona no tenga esas caracter\u00edsticas, que adem\u00e1s sea tachado de algunas otras cosas, pues simplemente a ver c\u00f3mo nos va no, a nuestro asunto<\/p>\n<p style=\"font-weight: 400;\">Ha habido muchas cr\u00edticas, lo cierto es que la Reforma Judicial es una realidad, y entonces, la forma de elecci\u00f3n va a ser a trav\u00e9s de un voto popular,\u00a0\u00a0pero por\u00a0\u00a0primera vez, ya despu\u00e9s de 1 de junio se evaluar\u00e1, si buenas si son malas, y despu\u00e9s de algunos a\u00f1os, se va a empezar tambi\u00e9n a evaluar, si a las personas que se eligieron pues fueron las id\u00f3neas o no, y tambi\u00e9n yo creo que en breve hasta la revocaci\u00f3n de mandato y persona a la que se eligi\u00f3 pues no dan al ancho.<\/p>\n<p style=\"font-weight: 400;\">Porque el trabajo en un tribunal es un trabajo t\u00e9cnico, extenuante, hay que saber tratados internacionales, hay que saber el sistema local, hay que saber much\u00edsimas cosas, adem\u00e1s de la realidad, y tener los pies muy bien puestos en la tierra; te despegas tantito y su juzgados se cae, o sea hay juzgados que tienen 5,000 expedientes, entonces si no tienes en verdad pasi\u00f3n y si no tienes de verdad vocaci\u00f3n, simplemente no vas a poder desarrollar esa actividad \u00bfC\u00f3mo sacas 5000 expedientes en un a\u00f1o? en el en los tribunales de alzada nosotros sacamos alrededor de 1200 asuntos al a\u00f1o; cada magistrado sacamos alrededor de 400 a sus a\u00f1o, s\u00ed lo contamos en d\u00edas h\u00e1biles, aproximadamente son 200 igual a 2 sentencias diarias, pero dos sentencias diarias de expedientes que son kilom\u00e9tricos, cuando llegan con nosotros, o sea ya han pasado varias instancias y ya hay un mont\u00f3n de pruebas ya present\u00f3 muchas audiencias entonces que hay que pues leerles tiene que ser un apostolado o sea, si realmente no tienes vocaci\u00f3n, energ\u00edas, este por eso tambi\u00e9n el tema de la edad de retiro, porque s\u00ed es muy, pues cuando te apasiona, o sea te dir\u00edan todo cuanto te dicen todas las partes, pero sobre todo, debes de conocer y conocer sobre todo y entender que lo m\u00e1s importante en los asuntos son los detalles, y el contexto de las personas si no lo atiendas entonces no vas a poder impartir justicia.<\/p>\n<p style=\"font-weight: 400;\">En el \u00e1mbito pol\u00edtico y judicial de M\u00e9xico con la Reforma del Poder Judicial, la figura de la magistrada Rosalba Hern\u00e1ndez Hern\u00e1ndez que actualmente forma parte del Poder Judicial, ha despertado un inter\u00e9s significativo. Con una carrera marcada por la dedicaci\u00f3n y el compromiso con la justicia, su candidatura plantea no solo la posibilidad de un cambio en la estructura judicial, sino tambi\u00e9n un debate sobre la independencia del poder y la importancia de la \u00e9tica en la administraci\u00f3n de justicia.<\/p>\n<p style=\"font-weight: 400;\">La magistrada Rosalba Hern\u00e1ndez Hern\u00e1ndez, cuya trayectoria se ha forjado en diversos \u00e1mbitos del derecho, es catedr\u00e1tica en la Universidad Veracruzana de las materias de Derecho Constitucional y Derecho Romano, ha sido reconocida por su firme postura contra la corrupci\u00f3n y su impulso a la transparencia. Con a\u00f1os de experiencia en el sistema judicial, ha ocupado diferentes cargos que la han preparado para asumir una mayor responsabilidad en el Poder Judicial. Su paso por la magistratura ha sido destacado por la implementaci\u00f3n de reformas que buscan modernizar y hacer m\u00e1s accesible la justicia en temas tan diversos como los derechos de la poblaci\u00f3n ind\u00edgena -ella es nativa de Chicontepec- los derechos a la educaci\u00f3n, los derechos humanos.<\/p>\n<p style=\"font-weight: 400;\">Su historial acad\u00e9mico, complementado por una s\u00f3lida formaci\u00f3n a nivel de doctorado, lo refuerza que refuerza su perfil como una candidata id\u00f3nea para enfrentar los retos del sistema judicial veracruzano.<\/p>\n<p style=\"font-weight: 400;\">La magistrada Rosalba Hern\u00e1ndez Hern\u00e1ndez tambi\u00e9n ha manifestado su compromiso con una justicia m\u00e1s equitativa y accesible. En un pa\u00eds donde muchos ciudadanos enfrentan obst\u00e1culos para acceder a sus derechos, su enfoque en la inclusi\u00f3n y la igualdad de oportunidades es un aspecto clave de formaci\u00f3n.<\/p>\n<p style=\"font-weight: 400;\">Sin embargo, su enfoque proactivo y su disposici\u00f3n para escuchar e interactuar con la ciudadan\u00eda son aspectos que han resonado bien en muchos sectores. La percepci\u00f3n de ser una magistrada Rosalba Hern\u00e1ndez Hern\u00e1ndez accesible y comprometida con la justicia puede jugar a su favor en esta contienda.<\/p>\n<p style=\"font-weight: 400;\">La candidatura de la magistrada Rosalba Hern\u00e1ndez Hern\u00e1ndez al Poder Judicial es m\u00e1s que una oportunidad personal; representa una esperanza para muchos que anhelan un sistema judicial m\u00e1s justo y transparente. Su trayectoria profesional, motivaciones y propuestas son indicativos de su compromiso con la justicia.<\/p>\n<p style=\"font-weight: 400;\">\u00a0El camino hacia el poder judicial est\u00e1 lleno de desaf\u00edos, pero su participaci\u00f3n en esta contienda podr\u00eda significar un paso adelante en la b\u00fasqueda de una justicia imparcial y equitativa en Veracruz. La ciudadan\u00eda y el sistema judicial estar\u00e1n atentos a c\u00f3mo evoluciona esta candidatura y qu\u00e9 impacto tendr\u00e1 en el futuro de la justicia en el Estado.<\/p>\n<p style=\"font-weight: 400;\">Para m\u00e1s informaci\u00f3n consulta nuestra p\u00e1gina\u00a0<a href=\"https:\/\/www.xn--bitacoraspolticas-ovb.com\/\" data-saferedirecturl=\"https:\/\/www.google.com\/url?q=https:\/\/www.xn--bitacoraspolticas-ovb.com\/&amp;source=gmail&amp;ust=1740631620650000&amp;usg=AOvVaw1hqaTEjyN3WHtV1hMn1_Wv\">https:\/\/www.xn--bitacoraspolticas-ovb.com\/<\/a><\/p>\n<p><img loading=\"lazy\" decoding=\"async\" class=\"alignnone wp-image-50995 size-full\" src=\"http:\/\/noticiasveracruz.com\/wp-content\/uploads\/2025\/02\/FIRMA-EDITORIAL-PD-6.jpg\" alt=\"\" width=\"1024\" height=\"125\" srcset=\"https:\/\/noticiasveracruz.com\/wp-content\/uploads\/2025\/02\/FIRMA-EDITORIAL-PD-6.jpg 1024w, https:\/\/noticiasveracruz.com\/wp-content\/uploads\/2025\/02\/FIRMA-EDITORIAL-PD-6-300x37.jpg 300w, https:\/\/noticiasveracruz.com\/wp-content\/uploads\/2025\/02\/FIRMA-EDITORIAL-PD-6-768x94.jpg 768w\" sizes=\"auto, (max-width: 1024px) 100vw, 1024px\" \/><\/p>\n","protected":false},"excerpt":{"rendered":"<p>el trabajo en un tribunal es un trabajo t\u00e9cnico, extenuante hay juzgados que tienen 5,000 expedientes, se necesita vocaci\u00f3n y<\/p>\n","protected":false},"author":4,"featured_media":29037,"comment_status":"closed","ping_status":"closed","sticky":false,"template":"","format":"standard","meta":{"colormag_page_container_layout":"default_layout","colormag_page_sidebar_layout":"default_layout","_jetpack_memberships_contains_paid_content":false,"footnotes":"","jetpack_publicize_message":"","jetpack_publicize_feature_enabled":true,"jetpack_social_post_already_shared":true,"jetpack_social_options":{"image_generator_settings":{"template":"highway","default_image_id":0,"font":"","enabled":false},"version":2}},"categories":[6],"tags":[],"class_list":["post-51176","post","type-post","status-publish","format-standard","has-post-thumbnail","hentry","category-columnistas"],"jetpack_publicize_connections":[],"jetpack_featured_media_url":"https:\/\/noticiasveracruz.com\/wp-content\/uploads\/2024\/04\/BANNER-cristiani-NV.jpg","jetpack_sharing_enabled":true,"publishpress_future_action":{"enabled":false,"date":"2026-05-10 11:14:26","action":"change-status","newStatus":"draft","terms":[],"taxonomy":"category","extraData":[]},"publishpress_future_workflow_manual_trigger":{"enabledWorkflows":[]},"_links":{"self":[{"href":"https:\/\/noticiasveracruz.com\/index.php\/wp-json\/wp\/v2\/posts\/51176","targetHints":{"allow":["GET"]}}],"collection":[{"href":"https:\/\/noticiasveracruz.com\/index.php\/wp-json\/wp\/v2\/posts"}],"about":[{"href":"https:\/\/noticiasveracruz.com\/index.php\/wp-json\/wp\/v2\/types\/post"}],"author":[{"embeddable":true,"href":"https:\/\/noticiasveracruz.com\/index.php\/wp-json\/wp\/v2\/users\/4"}],"replies":[{"embeddable":true,"href":"https:\/\/noticiasveracruz.com\/index.php\/wp-json\/wp\/v2\/comments?post=51176"}],"version-history":[{"count":0,"href":"https:\/\/noticiasveracruz.com\/index.php\/wp-json\/wp\/v2\/posts\/51176\/revisions"}],"wp:featuredmedia":[{"embeddable":true,"href":"https:\/\/noticiasveracruz.com\/index.php\/wp-json\/wp\/v2\/media\/29037"}],"wp:attachment":[{"href":"https:\/\/noticiasveracruz.com\/index.php\/wp-json\/wp\/v2\/media?parent=51176"}],"wp:term":[{"taxonomy":"category","embeddable":true,"href":"https:\/\/noticiasveracruz.com\/index.php\/wp-json\/wp\/v2\/categories?post=51176"},{"taxonomy":"post_tag","embeddable":true,"href":"https:\/\/noticiasveracruz.com\/index.php\/wp-json\/wp\/v2\/tags?post=51176"}],"curies":[{"name":"wp","href":"https:\/\/api.w.org\/{rel}","templated":true}]}}