{"id":51167,"date":"2025-02-26T00:18:21","date_gmt":"2025-02-26T06:18:21","guid":{"rendered":"https:\/\/noticiasveracruz.com\/?p=51167"},"modified":"2025-02-25T22:41:20","modified_gmt":"2025-02-26T04:41:20","slug":"parlamento-de-ecuador-avala-ingreso-de-fuerzas-extranjeras-para-combate-al-crimen","status":"publish","type":"post","link":"https:\/\/noticiasveracruz.com\/index.php\/2025\/02\/26\/parlamento-de-ecuador-avala-ingreso-de-fuerzas-extranjeras-para-combate-al-crimen\/","title":{"rendered":"Parlamento de Ecuador avala ingreso de fuerzas extranjeras para combate al crimen"},"content":{"rendered":"<p class=\"western\">La Asamblea Nacional (Parlamento) de Ecuador aprob\u00f3 este martes una resoluci\u00f3n que respalda al gobierno del presidente y candidato a la reelecci\u00f3n, Daniel Noboa, en su pedido para que fuerzas extranjeras apoyen en el enfrentamiento al crimen organizado.<\/p>\n<p class=\"western\">Con 121 votos a favor, los legisladores respaldaron la decisi\u00f3n del mandatario de convocar a \u201cpa\u00edses aliados\u201d a cooperar en la lucha contra la violencia criminal.<\/p>\n<p class=\"western\">La resoluci\u00f3n aprobada reconoce a los grupos delincuenciales como enemigos del Estado y exhorta al gobierno a ejecutar, mediante canales diplom\u00e1ticos, los acuerdos de cooperaci\u00f3n internacional ya suscritos en materia de seguridad.<\/p>\n<p class=\"western\">Los asamble\u00edstas determinaron que los ministros de Interior, Defensa, Gobierno, Relaciones Exteriores y otros, deber\u00e1n informar quincenalmente sobre el avance de las acciones y el estado de las relaciones con otros pa\u00edses, como Colombia y Per\u00fa.<\/p>\n<p class=\"western\">Durante el debate, expertos en materia legal aclararon que no era necesario un pronunciamiento del Legislativo para buscar la cooperaci\u00f3n internacional por parte del Ejecutivo.<\/p>\n<p class=\"western\">Al respecto, el asamble\u00edsta oficialista Ferdinan \u00c1lvarez, quien propuso la resoluci\u00f3n, reconoci\u00f3 que no busca una especie de permiso, sino un \u00abapoyo pol\u00edtico\u00bb.<\/p>\n<p class=\"western\">El parlamentario Ricardo Ulcuango, de la Revoluci\u00f3n Ciudadana (RC), subray\u00f3 que no existe el Plan F\u00e9nix, ni una estrategia integral de seguridad, como plante\u00f3 Noboa, y asever\u00f3 que con el respaldo pol\u00edtico no se van a solucionar los problemas de los ecuatorianos.<\/p>\n<p class=\"western\">Otros expertos consideran que pedir apoyo externo para seguridad es una estrategia electoral del mandatario de cara al balotaje frente a Luisa Gonz\u00e1lez, de la Revoluci\u00f3n Ciudadana, el pr\u00f3ximo 13 de abril.<\/p>\n<p class=\"western\">De acuerdo con el Ejecutivo, la colaboraci\u00f3n ser\u00eda temporal y en el contexto de la guerra declarada contra el narcoterrorismo bajo la denominaci\u00f3n de conflicto armado interno.<\/p>\n<p class=\"western\">Adem\u00e1s, en una entrevista esta ma\u00f1ana, Noboa defendi\u00f3 su propuesta para reformar el art\u00edculo cinco de la Constituci\u00f3n para permitir la instalaci\u00f3n de bases militares extranjeras.<\/p>\n<p class=\"western\">El Gobierno ecuatoriano ha recibido duras cr\u00edticas por su estrategia de seguridad ante la cantidad de hechos violentos en el pa\u00eds, donde solo en enero se reportaron 750 homicidios intencionales, la cifra m\u00e1s alta para ese mes.<\/p>\n","protected":false},"excerpt":{"rendered":"<p>La Asamblea Nacional (Parlamento) de Ecuador aprob\u00f3 este martes una resoluci\u00f3n que respalda al gobierno del presidente y candidato a<\/p>\n","protected":false},"author":4,"featured_media":51168,"comment_status":"closed","ping_status":"closed","sticky":false,"template":"","format":"standard","meta":{"colormag_page_container_layout":"default_layout","colormag_page_sidebar_layout":"default_layout","_jetpack_memberships_contains_paid_content":false,"footnotes":"","jetpack_publicize_message":"","jetpack_publicize_feature_enabled":true,"jetpack_social_post_already_shared":true,"jetpack_social_options":{"image_generator_settings":{"template":"highway","default_image_id":0,"font":"","enabled":false},"version":2}},"categories":[355],"tags":[],"class_list":["post-51167","post","type-post","status-publish","format-standard","has-post-thumbnail","hentry","category-internacional"],"jetpack_publicize_connections":[],"jetpack_featured_media_url":"https:\/\/noticiasveracruz.com\/wp-content\/uploads\/2025\/02\/EC-2.jpg","jetpack_sharing_enabled":true,"publishpress_future_action":{"enabled":false,"date":"2026-05-10 07:59:23","action":"change-status","newStatus":"draft","terms":[],"taxonomy":"category","extraData":[]},"publishpress_future_workflow_manual_trigger":{"enabledWorkflows":[]},"_links":{"self":[{"href":"https:\/\/noticiasveracruz.com\/index.php\/wp-json\/wp\/v2\/posts\/51167","targetHints":{"allow":["GET"]}}],"collection":[{"href":"https:\/\/noticiasveracruz.com\/index.php\/wp-json\/wp\/v2\/posts"}],"about":[{"href":"https:\/\/noticiasveracruz.com\/index.php\/wp-json\/wp\/v2\/types\/post"}],"author":[{"embeddable":true,"href":"https:\/\/noticiasveracruz.com\/index.php\/wp-json\/wp\/v2\/users\/4"}],"replies":[{"embeddable":true,"href":"https:\/\/noticiasveracruz.com\/index.php\/wp-json\/wp\/v2\/comments?post=51167"}],"version-history":[{"count":0,"href":"https:\/\/noticiasveracruz.com\/index.php\/wp-json\/wp\/v2\/posts\/51167\/revisions"}],"wp:featuredmedia":[{"embeddable":true,"href":"https:\/\/noticiasveracruz.com\/index.php\/wp-json\/wp\/v2\/media\/51168"}],"wp:attachment":[{"href":"https:\/\/noticiasveracruz.com\/index.php\/wp-json\/wp\/v2\/media?parent=51167"}],"wp:term":[{"taxonomy":"category","embeddable":true,"href":"https:\/\/noticiasveracruz.com\/index.php\/wp-json\/wp\/v2\/categories?post=51167"},{"taxonomy":"post_tag","embeddable":true,"href":"https:\/\/noticiasveracruz.com\/index.php\/wp-json\/wp\/v2\/tags?post=51167"}],"curies":[{"name":"wp","href":"https:\/\/api.w.org\/{rel}","templated":true}]}}