{"id":51164,"date":"2025-02-26T00:17:04","date_gmt":"2025-02-26T06:17:04","guid":{"rendered":"https:\/\/noticiasveracruz.com\/?p=51164"},"modified":"2025-02-25T22:39:19","modified_gmt":"2025-02-26T04:39:19","slug":"frenan-decreto-de-milei-para-privatizar-el-banco-de-la-nacion-argentina","status":"publish","type":"post","link":"https:\/\/noticiasveracruz.com\/index.php\/2025\/02\/26\/frenan-decreto-de-milei-para-privatizar-el-banco-de-la-nacion-argentina\/","title":{"rendered":"Frenan decreto de Milei para privatizar el Banco de la Naci\u00f3n Argentina"},"content":{"rendered":"<p>En momentos en que la situaci\u00f3n pol\u00edtica y econ\u00f3mica del gobierno del ultraderechista presidente Javier Milei est\u00e1 en uno de los momentos m\u00e1s graves a poco m\u00e1s de un a\u00f1o de su llegada al poder por su promoci\u00f3n de la criptomoneda $Libra, que se transform\u00f3 en una gran estafa, la justicia fren\u00f3 el decreto del mandatario que transformaba en sociedad an\u00f3nima el Banco de la Naci\u00f3n Argentina (BNA), el primer paso hacia la privatizaci\u00f3n del mismo en respuesta a un pedido de cautelar, y adem\u00e1s el mandatario nombr\u00f3 por decreto dos nuevos jueces a la Corte Suprema, lo que se convirti\u00f3 en un esc\u00e1ndalo.<\/p>\n<p>Cada d\u00eda se acumulan las causas judiciales contra Milei aqu\u00ed, en Estados Unidos y en otros pa\u00edses. La cantidad de nuevos documentos complican m\u00e1s la situaci\u00f3n del presidente y de su m\u00e1s cercanos funcionarios, como su hermana Karina Milei, que se convirti\u00f3 en una \u201ccaja\u201d que acumula miles de d\u00f3lares, de lo que surgen cada d\u00eda nuevas evidencias.<\/p>\n<p>Para analistas locales, Milei adopta una serie de medidas r\u00e1pidas, todas negativas para el pa\u00eds -ante la posibilidad de que deba renunciar- para dejar el camino libre a quienes est\u00e1n detr\u00e1s de \u00e9l, quienes \u201cnecesitan\u201d apropiarse de Argentina.<\/p>\n<p>Uno de los primeros que celebraron el fallo sobre el BNA del juez federal de La Plata, provincia de Buenos Aires, Alejo Ramos Ramos Padilla, fue Sergio Palazzo, l\u00edder del gremio de los bancarios y uno de los dirigentes sindicales m\u00e1s respetados.<\/p>\n<p>El magistrado registr\u00f3 que el BNA estaba excluido de la lista de empresas a privatizar en la Ley Bases, cuya aprobaci\u00f3n en el Congreso se obtuvo por el pago de sobornos a legisladores, aunado a un sistema extorsivo, m\u00e9todo por el que el Legislativo deleg\u00f3 sus facultades al mandatario, con lo que est\u00e1 gobernando por decretos violando todas las normas de la Constituci\u00f3n.<\/p>\n<p>El juez se\u00f1al\u00f3 que en su decreto \u00abel Poder Ejecutivo Nacional podr\u00eda haber excedido los l\u00edmites establecidos por el Congreso de Naci\u00f3n al realizar la delegaci\u00f3n de facultades\u00bb.<\/p>\n<p>Seg\u00fan datos del Banco Central, el BNA concentra 18 por ciento de los dep\u00f3sitos privados y 50 por ciento de los dep\u00f3sitos p\u00fablicos, es decir que custodia casi un cuarto de todos los dep\u00f3sitos del sistema.<\/p>\n<p>Adem\u00e1s el BNA tiene una cadena 658 sucursales, en todo el pa\u00eds lo que representa 16 por ciento del total del sistema bancario, y llegan a poblaciones alejadas.<\/p>\n<p>A esta situaci\u00f3n se agreg\u00f3 qu Milei design\u00f3 por decreto a los jueces Ariel Lijo y Manuel Garc\u00eda Mansilla para cubrir las vacantes en la Corte Suprema \u201chasta la finalizaci\u00f3n del pr\u00f3ximo periodo legislativo, con el objetivo de normalizar el funcionamiento del m\u00e1ximo tribunal judicial de nuestro pa\u00eds, el cual no puede llevar a cabo su rol con normalidad con tan solo tres ministros\u201d, se\u00f1ala el comunicado de presidencia.<\/p>\n<p>Milei tom\u00f3 la decisi\u00f3n luego que en el Congreso no logr\u00f3 el nombramiento de estos magistrados, cuando se siguen acumulando pruebas de la criptoestafa , lo sacudi\u00f3 a la justicia e impact\u00f3 en todos los sectores de la sociedad, e incluso en algunos \u201cdialoguistas\u201d.<\/p>\n<p>La presidencia advirti\u00f3 que \u201cen ning\u00fan caso el Senado tiene la potestad para rechazar el acuerdo de los candidatos propuestos por el Presidente en base a preferencias personales o pol\u00edticas de los senadores\u00bb.<br \/>\nEn declaraciones al diario La Naci\u00f3n, que est\u00e1 publicando en los \u00faltimos d\u00edas importantes informes sobre los esc\u00e1ndalos que sacuden a pa\u00eds, la ministra de Seguridad, Patricia Bullrich dijo que la decisi\u00f3n de Milei responde a que \u00abel presidente no puede estar con una Corte en el que si uno de los miembros se resfr\u00eda o tiene una enfermedad, o una circunstancia determinada, estamos con dos miembros de la Corte\u00bb.<\/p>\n","protected":false},"excerpt":{"rendered":"<p>En momentos en que la situaci\u00f3n pol\u00edtica y econ\u00f3mica del gobierno del ultraderechista presidente Javier Milei est\u00e1 en uno de<\/p>\n","protected":false},"author":4,"featured_media":51165,"comment_status":"closed","ping_status":"closed","sticky":false,"template":"","format":"standard","meta":{"colormag_page_container_layout":"default_layout","colormag_page_sidebar_layout":"default_layout","_jetpack_memberships_contains_paid_content":false,"footnotes":"","jetpack_publicize_message":"","jetpack_publicize_feature_enabled":true,"jetpack_social_post_already_shared":true,"jetpack_social_options":{"image_generator_settings":{"template":"highway","default_image_id":0,"font":"","enabled":false},"version":2}},"categories":[355],"tags":[],"class_list":["post-51164","post","type-post","status-publish","format-standard","has-post-thumbnail","hentry","category-internacional"],"jetpack_publicize_connections":[],"jetpack_featured_media_url":"https:\/\/noticiasveracruz.com\/wp-content\/uploads\/2025\/02\/MIL-1.jpg","jetpack_sharing_enabled":true,"publishpress_future_action":{"enabled":false,"date":"2026-05-10 06:40:30","action":"change-status","newStatus":"draft","terms":[],"taxonomy":"category","extraData":[]},"publishpress_future_workflow_manual_trigger":{"enabledWorkflows":[]},"_links":{"self":[{"href":"https:\/\/noticiasveracruz.com\/index.php\/wp-json\/wp\/v2\/posts\/51164","targetHints":{"allow":["GET"]}}],"collection":[{"href":"https:\/\/noticiasveracruz.com\/index.php\/wp-json\/wp\/v2\/posts"}],"about":[{"href":"https:\/\/noticiasveracruz.com\/index.php\/wp-json\/wp\/v2\/types\/post"}],"author":[{"embeddable":true,"href":"https:\/\/noticiasveracruz.com\/index.php\/wp-json\/wp\/v2\/users\/4"}],"replies":[{"embeddable":true,"href":"https:\/\/noticiasveracruz.com\/index.php\/wp-json\/wp\/v2\/comments?post=51164"}],"version-history":[{"count":0,"href":"https:\/\/noticiasveracruz.com\/index.php\/wp-json\/wp\/v2\/posts\/51164\/revisions"}],"wp:featuredmedia":[{"embeddable":true,"href":"https:\/\/noticiasveracruz.com\/index.php\/wp-json\/wp\/v2\/media\/51165"}],"wp:attachment":[{"href":"https:\/\/noticiasveracruz.com\/index.php\/wp-json\/wp\/v2\/media?parent=51164"}],"wp:term":[{"taxonomy":"category","embeddable":true,"href":"https:\/\/noticiasveracruz.com\/index.php\/wp-json\/wp\/v2\/categories?post=51164"},{"taxonomy":"post_tag","embeddable":true,"href":"https:\/\/noticiasveracruz.com\/index.php\/wp-json\/wp\/v2\/tags?post=51164"}],"curies":[{"name":"wp","href":"https:\/\/api.w.org\/{rel}","templated":true}]}}