{"id":51161,"date":"2025-02-26T00:16:12","date_gmt":"2025-02-26T06:16:12","guid":{"rendered":"https:\/\/noticiasveracruz.com\/?p=51161"},"modified":"2025-02-25T22:36:58","modified_gmt":"2025-02-26T04:36:58","slug":"designan-a-manuel-alonso-garcia-como-fiscal-de-aguascalientes","status":"publish","type":"post","link":"https:\/\/noticiasveracruz.com\/index.php\/2025\/02\/26\/designan-a-manuel-alonso-garcia-como-fiscal-de-aguascalientes\/","title":{"rendered":"Designan a Manuel Alonso Garc\u00eda como fiscal de Aguascalientes"},"content":{"rendered":"<p class=\"western\">Con 20 votos a favor, 1 en contra y 5 abstenciones la 66 Legislatura local design\u00f3 a Manuel Alonso Garc\u00eda c\u00f3mo nuevo titular de la Fiscal\u00eda General del Estado cuyo encargo comienza este 1 de marzo y concluir\u00e1 el pr\u00f3ximo 28 de febrero de 2032.<\/p>\n<p class=\"western\">Alonso Garc\u00eda sustituir\u00e1 a Jes\u00fas Figueroa Ortega y fue elegido de una terna en la que tambi\u00e9n se encontraban los abogados Irene Elizabeth Mu\u00f1oz Padillas, quien es la actual directora del Instituto de Asesor\u00eda y Defensor\u00eda P\u00fablica adem\u00e1s de Juan Jos\u00e9 L\u00f3pez G\u00f3mez quien fungi\u00f3 hasta hace unos meses c\u00f3mo director del Centro de Evaluaci\u00f3n y Confianza del Instituto Estatal de Seguridad P\u00fablica, (IESPA).<\/p>\n<p class=\"western\">En sesi\u00f3n extraordinaria la bancada panista integrada por 15 legisladores m\u00e1s 2 del PRD, 1 del PRI 1 de MC y una del PVEM aliada de Morena avalaron al todav\u00eda secretario de Seguridad P\u00fablica Estatal, mientras que Fernando Alf\u00e9rez Barbosa, de la bancada guinda vot\u00f3 en contra y 5 de sus compa\u00f1eros de partido se abstuvieron, mientras que no acudi\u00f3 a la sesi\u00f3n la tambi\u00e9n morenista Irma Reza.<\/p>\n<p class=\"western\">Previo a la votaci\u00f3n se dirimi\u00f3 un debate entre el morenista Alf\u00e9rez Barbosa quien afirm\u00f3 que se estar\u00eda avalando adem\u00e1s de una ilegalidad la inelegibilidad de los integrantes de la terna en virtud de que hab\u00edan incumplido los requisitos para cubrir el perfil tales c\u00f3mo la presentaci\u00f3n de un proyecto y que tambi\u00e9n desconoc\u00edan del tema para tal cargo por lo que vaticin\u00f3 que \u00abla Suprema Corte de Justicia de la Naci\u00f3n le va a enmendar la plana al Congreso del estado\u00bb.<\/p>\n<p class=\"western\">En respuesta, el perredista, Emmanuel S\u00e1nchez N\u00e1jera le record\u00f3 que ni \u00e9l ni alguno de los otros seis diputados de Morena estuvieron presentes en las entrevistas que se les hicieron previamente a los aspirantes por lo cual desconoc\u00eda que efectivamente hab\u00edan presentado sus proyectos y demostraron tener la experiencia para ocupar la cartera en cuesti\u00f3n.<\/p>\n<p class=\"western\">Posteriormente se dio la votaci\u00f3n y Manuel Alonso Garc\u00eda, quien se encontraba en las instalaciones del palacio legislativo, junto con los otros dos integrantes de la terna, fue llamado para rendir protesta como nuevo fiscal.<\/p>\n","protected":false},"excerpt":{"rendered":"<p>Con 20 votos a favor, 1 en contra y 5 abstenciones la 66 Legislatura local design\u00f3 a Manuel Alonso Garc\u00eda<\/p>\n","protected":false},"author":4,"featured_media":51162,"comment_status":"closed","ping_status":"closed","sticky":false,"template":"","format":"standard","meta":{"colormag_page_container_layout":"default_layout","colormag_page_sidebar_layout":"default_layout","_jetpack_memberships_contains_paid_content":false,"footnotes":"","jetpack_publicize_message":"","jetpack_publicize_feature_enabled":true,"jetpack_social_post_already_shared":true,"jetpack_social_options":{"image_generator_settings":{"template":"highway","default_image_id":0,"font":"","enabled":false},"version":2}},"categories":[145],"tags":[],"class_list":["post-51161","post","type-post","status-publish","format-standard","has-post-thumbnail","hentry","category-estados"],"jetpack_publicize_connections":[],"jetpack_featured_media_url":"https:\/\/noticiasveracruz.com\/wp-content\/uploads\/2025\/02\/SROL.jpg","jetpack_sharing_enabled":true,"publishpress_future_action":{"enabled":false,"date":"2026-05-08 13:46:42","action":"change-status","newStatus":"draft","terms":[],"taxonomy":"category","extraData":[]},"publishpress_future_workflow_manual_trigger":{"enabledWorkflows":[]},"_links":{"self":[{"href":"https:\/\/noticiasveracruz.com\/index.php\/wp-json\/wp\/v2\/posts\/51161","targetHints":{"allow":["GET"]}}],"collection":[{"href":"https:\/\/noticiasveracruz.com\/index.php\/wp-json\/wp\/v2\/posts"}],"about":[{"href":"https:\/\/noticiasveracruz.com\/index.php\/wp-json\/wp\/v2\/types\/post"}],"author":[{"embeddable":true,"href":"https:\/\/noticiasveracruz.com\/index.php\/wp-json\/wp\/v2\/users\/4"}],"replies":[{"embeddable":true,"href":"https:\/\/noticiasveracruz.com\/index.php\/wp-json\/wp\/v2\/comments?post=51161"}],"version-history":[{"count":0,"href":"https:\/\/noticiasveracruz.com\/index.php\/wp-json\/wp\/v2\/posts\/51161\/revisions"}],"wp:featuredmedia":[{"embeddable":true,"href":"https:\/\/noticiasveracruz.com\/index.php\/wp-json\/wp\/v2\/media\/51162"}],"wp:attachment":[{"href":"https:\/\/noticiasveracruz.com\/index.php\/wp-json\/wp\/v2\/media?parent=51161"}],"wp:term":[{"taxonomy":"category","embeddable":true,"href":"https:\/\/noticiasveracruz.com\/index.php\/wp-json\/wp\/v2\/categories?post=51161"},{"taxonomy":"post_tag","embeddable":true,"href":"https:\/\/noticiasveracruz.com\/index.php\/wp-json\/wp\/v2\/tags?post=51161"}],"curies":[{"name":"wp","href":"https:\/\/api.w.org\/{rel}","templated":true}]}}