{"id":51158,"date":"2025-02-26T00:15:45","date_gmt":"2025-02-26T06:15:45","guid":{"rendered":"https:\/\/noticiasveracruz.com\/?p=51158"},"modified":"2025-02-25T22:34:37","modified_gmt":"2025-02-26T04:34:37","slug":"buscan-ley-de-proteccion-a-defensores-de-dh-y-periodistas-en-guanajuato","status":"publish","type":"post","link":"https:\/\/noticiasveracruz.com\/index.php\/2025\/02\/26\/buscan-ley-de-proteccion-a-defensores-de-dh-y-periodistas-en-guanajuato\/","title":{"rendered":"Buscan ley de protecci\u00f3n a defensores de dh y periodistas en Guanajuato"},"content":{"rendered":"<div>La Comisi\u00f3n de Seguridad P\u00fablica del Congreso de Guanajuato aprob\u00f3 el dictamen de reforma a la Ley del Sistema de Seguridad P\u00fablica para crear el Grupo Especial de Protecci\u00f3n a Personas Defensoras de Derechos Humanos y Periodistas; a\u00fan est\u00e1n pendientes tres iniciativas para mejorar la protecci\u00f3n y las penas de los delitos cometidos contra este sector.<\/div>\n<div><\/div>\n<div>El dictamen aprobado es para adicionar el art\u00edculo 202-8 de la Ley de Seguridad para crear \u201cun cuerpo de polic\u00eda especializado para atender las medidas de protecci\u00f3n y medidas urgentes de protecci\u00f3n determinadas por el Consejo Estatal\u201d.<\/div>\n<div><\/div>\n<div>La reforma fue propuesta por la gobernadora, Libia Garc\u00eda Mu\u00f1oz Ledo, junto con otro paquete de reformas a la Constituci\u00f3n, a la Ley para la Protecci\u00f3n de Personas Defensoras de Derechos Humanos y Periodistas y al C\u00f3digo Penal, todas enfocadas en la protecci\u00f3n de reporteros y activistas.<\/div>\n<div><\/div>\n<div>Las propuestas de reformas a la Constituci\u00f3n, a la Ley de Protecci\u00f3n y al C\u00f3digo Penal fueron promovidas por los periodistas, Sof\u00eda Negrete, Jos\u00e9 Meza y Carlos Garc\u00eda, integrantes del Consejo Estatal de Protecci\u00f3n a Personas Defensoras de Derechos Humanos y Periodistas.<\/div>\n<div><\/div>\n<div>En la sesi\u00f3n de la Comisi\u00f3n de Seguridad, los diputados Carlos Abraham Ramos Sotomayor y Erandi Berm\u00fadez M\u00e9ndez coincidieron en la importancia de impulsar reformas legales que protejan a los periodistas y defensores de derechos humanos.<\/div>\n<div><\/div>\n<div>El dictamen muestra el compromiso de las fracciones parlamentarias y del Estado con la libertad de expresi\u00f3n y la defensa de los derechos, mencion\u00f3 Berm\u00fadez.<\/div>\n","protected":false},"excerpt":{"rendered":"<p>La Comisi\u00f3n de Seguridad P\u00fablica del Congreso de Guanajuato aprob\u00f3 el dictamen de reforma a la Ley del Sistema de<\/p>\n","protected":false},"author":4,"featured_media":51159,"comment_status":"closed","ping_status":"closed","sticky":false,"template":"","format":"standard","meta":{"colormag_page_container_layout":"default_layout","colormag_page_sidebar_layout":"default_layout","_jetpack_memberships_contains_paid_content":false,"footnotes":"","jetpack_publicize_message":"","jetpack_publicize_feature_enabled":true,"jetpack_social_post_already_shared":true,"jetpack_social_options":{"image_generator_settings":{"template":"highway","default_image_id":0,"font":"","enabled":false},"version":2}},"categories":[145],"tags":[],"class_list":["post-51158","post","type-post","status-publish","format-standard","has-post-thumbnail","hentry","category-estados"],"jetpack_publicize_connections":[],"jetpack_featured_media_url":"https:\/\/noticiasveracruz.com\/wp-content\/uploads\/2025\/02\/SDKLN.jpg","jetpack_sharing_enabled":true,"publishpress_future_action":{"enabled":false,"date":"2026-05-08 12:57:12","action":"change-status","newStatus":"draft","terms":[],"taxonomy":"category","extraData":[]},"publishpress_future_workflow_manual_trigger":{"enabledWorkflows":[]},"_links":{"self":[{"href":"https:\/\/noticiasveracruz.com\/index.php\/wp-json\/wp\/v2\/posts\/51158","targetHints":{"allow":["GET"]}}],"collection":[{"href":"https:\/\/noticiasveracruz.com\/index.php\/wp-json\/wp\/v2\/posts"}],"about":[{"href":"https:\/\/noticiasveracruz.com\/index.php\/wp-json\/wp\/v2\/types\/post"}],"author":[{"embeddable":true,"href":"https:\/\/noticiasveracruz.com\/index.php\/wp-json\/wp\/v2\/users\/4"}],"replies":[{"embeddable":true,"href":"https:\/\/noticiasveracruz.com\/index.php\/wp-json\/wp\/v2\/comments?post=51158"}],"version-history":[{"count":0,"href":"https:\/\/noticiasveracruz.com\/index.php\/wp-json\/wp\/v2\/posts\/51158\/revisions"}],"wp:featuredmedia":[{"embeddable":true,"href":"https:\/\/noticiasveracruz.com\/index.php\/wp-json\/wp\/v2\/media\/51159"}],"wp:attachment":[{"href":"https:\/\/noticiasveracruz.com\/index.php\/wp-json\/wp\/v2\/media?parent=51158"}],"wp:term":[{"taxonomy":"category","embeddable":true,"href":"https:\/\/noticiasveracruz.com\/index.php\/wp-json\/wp\/v2\/categories?post=51158"},{"taxonomy":"post_tag","embeddable":true,"href":"https:\/\/noticiasveracruz.com\/index.php\/wp-json\/wp\/v2\/tags?post=51158"}],"curies":[{"name":"wp","href":"https:\/\/api.w.org\/{rel}","templated":true}]}}