{"id":5115,"date":"2022-06-08T19:38:24","date_gmt":"2022-06-09T00:38:24","guid":{"rendered":"https:\/\/noticiasveracruz.com\/?p=5115"},"modified":"2022-06-08T19:49:49","modified_gmt":"2022-06-09T00:49:49","slug":"un-exito-limpia-tu-playa-en-tuxpan-fomentan-participacion-y-conciencia-ambiental","status":"publish","type":"post","link":"https:\/\/noticiasveracruz.com\/index.php\/2022\/06\/08\/un-exito-limpia-tu-playa-en-tuxpan-fomentan-participacion-y-conciencia-ambiental\/","title":{"rendered":"Un \u00e9xito \u201cLimpia tu playa\u201d en Tuxpan, fomentan participaci\u00f3n y conciencia ambiental"},"content":{"rendered":"<p style=\"font-weight: 400;\"><span style=\"font-size: 14pt;\"><em><strong>Tuxpan, Ver.<\/strong>\u00a0<\/em> En el marco del<strong> D\u00eda Internacional de los Oc\u00e9anos<\/strong>, se llev\u00f3 a cabo el programa <strong>Limpia Tu Playa<\/strong>, el cual se realiz\u00f3 con la suma de esfuerzos de los gobiernos estatal y municipal, prestadores de servicio, estudiantes y sociedad civil en general, con el objetivo de crear conciencia ambiental y generar una cultura de participaci\u00f3n social para contribuir con los Objetivos de Desarrollo Sostenible de la Agenda 2030.<\/span><\/p>\n<p style=\"font-weight: 400;\"><span style=\"font-size: 18pt;\"><strong>La jornada de limpieza la encabez\u00f3 el alcalde Jos\u00e9 Manuel Pozos Castro; la Dra. Waltraud Mart\u00ednez Olvera, Jefa de la Oficina de Programa de Gobierno del Estado de Veracruz; el Ing. Juan Carlos Contreras Bautista, secretario de Medio Ambiente del Estado de Veracruz y el Mtro. Alfredo Gonz\u00e1lez Reyes, director general y encargado del Secretariado Ejecutivo de la Agenda 2030.<\/strong><\/span><\/p>\n<p>&nbsp;<\/p>\n<p><span style=\"font-size: 18pt; color: #c70c0c;\"><strong>SEGUNDA LIMPIEZA<\/strong><\/span><\/p>\n<p style=\"font-weight: 400;\"><span style=\"font-size: 18pt;\"><strong>El alcalde Jos\u00e9 Manuel Pozos indic\u00f3 que esta es la segunda ocasi\u00f3n en que se lleva a cabo la limpieza de las playas en el municipio, por lo que se dijo agradecido con los sectores p\u00fablico, social y privado, quienes con su participaci\u00f3n han demostrado estar comprometidos con el cuidado y la conservaci\u00f3n del medio ambiente.<\/strong><\/span><\/p>\n<p>&nbsp;<\/p>\n<p><img loading=\"lazy\" decoding=\"async\" class=\"aligncenter wp-image-6360 size-large\" src=\"https:\/\/politicosaldesnudo.com.mx\/wp-content\/uploads\/2022\/06\/playa-1-1024x681.jpeg\" alt=\"\" width=\"800\" height=\"532\" \/><\/p>\n<p>&nbsp;<\/p>\n<p style=\"font-weight: 400;\"><span style=\"font-size: 14pt;\">Destac\u00f3 que <strong>Limpia Tu Playa<\/strong> fomenta una cultura ambiental para lograr un desarrollo incluyente, justo y equilibrado.<\/span><\/p>\n<blockquote>\n<p style=\"font-weight: 400;\"><span style=\"font-size: 14pt;\">En Tuxpan trabajamos por una transformaci\u00f3n en todos los sentidos y lo estamos logrando con la participaci\u00f3n de todos\u201d<\/span><\/p>\n<\/blockquote>\n<p style=\"font-weight: 400;\"><span style=\"font-size: 18pt;\"><strong>Reafirm\u00f3 que, proteger y preservar nuestro medio ambiente, es una forma de devolver la esperanza a nuestras futuras generaciones.<\/strong><\/span><\/p>\n<p style=\"font-weight: 400;\"><span style=\"font-size: 14pt;\">Pozos Castro indic\u00f3 que en Tuxpan se trabaja siguiendo el ejemplo del gobernador Cuitl\u00e1huac Garc\u00eda Jim\u00e9nez y del presidente Andr\u00e9s Manuel L\u00f3pez Obrador.<\/span><\/p>\n<p style=\"font-weight: 400;\"><span style=\"font-size: 18pt;\"><strong>Jos\u00e9 Manuel Pozos Castro agradeci\u00f3 a los ciudadanos cuya labor fue primordial para que esta jornada fuera todo un \u00e9xito.<\/strong><\/span><\/p>\n<p>&nbsp;<\/p>\n<p><img loading=\"lazy\" decoding=\"async\" class=\"aligncenter wp-image-6362 size-large\" src=\"https:\/\/politicosaldesnudo.com.mx\/wp-content\/uploads\/2022\/06\/playa-3-1024x681.jpeg\" alt=\"\" width=\"800\" height=\"532\" \/><\/p>\n<p>&nbsp;<\/p>\n<p><span style=\"font-size: 18pt; color: #c70c0c;\"><strong>SUMA DE ESFUERZOS\u00a0<\/strong><\/span><\/p>\n<p style=\"font-weight: 400;\"><span style=\"font-size: 14pt;\">En Limpia Tu Playa participaron la s\u00edndica Maestra Beatriz Pi\u00f1a Vergara; as\u00ed como las regidoras y los regidores Lima, Mar\u00eda del Pilar Anah\u00ed Aguilar, Lucero Res\u00e9ndis, Luis Demetrio L\u00f3pez Mar\u00edn, Axel Bernal y<\/span><\/p>\n<p style=\"font-weight: 400;\"><span style=\"font-size: 14pt;\">De la misma manera, se cont\u00f3 con la importante participaci\u00f3n de la Asociaci\u00f3n de Hoteles y Moteles, la C\u00e1mara Nacional de la Industria de Transformaci\u00f3n (Canacintra), la C\u00e1mara Nacional de la Industria de Restaurantes y Alimentos Condimentados (Canirac), el Corredor Gastron\u00f3mico de La Mata, el Campamento Tortuguero R5, la Asociaci\u00f3n Motoconejos Tuxpan; as\u00ed como brigadas de Sedesol, estudiantes de la Universidad del Golfo de M\u00e9xico (UGM) Campus Tuxpan, Cetmar No. 20; Telebachillerato zona Tuxpan, Juana Moza, Banderas y Emiliano Zapata; adem\u00e1s de habitantes de las comunidades Barra Norte y La Mata<\/span><\/p>\n<p style=\"font-weight: 400;\"><span style=\"font-size: 18pt;\"><strong>La meta fue lograr la recolecci\u00f3n, separaci\u00f3n y reciclaje de residuos -de manera simult\u00e1nea- en nueve municipios de Veracruz, que en total abarcan m\u00e1s de 40 kil\u00f3metros de playa, entre los cuales se incluyeron 5 kil\u00f3metros de las playas de Tuxpan.<\/strong><\/span><\/p>\n<p>&nbsp;<\/p>\n<p><img loading=\"lazy\" decoding=\"async\" class=\"aligncenter wp-image-6363 size-large\" src=\"https:\/\/politicosaldesnudo.com.mx\/wp-content\/uploads\/2022\/06\/playa-4-1024x681.jpeg\" alt=\"\" width=\"800\" height=\"532\" \/><\/p>\n<p>&nbsp;<\/p>\n<p>&nbsp;<\/p>\n<p>&nbsp;<\/p>\n<p>&nbsp;<\/p>\n<p>&nbsp;<\/p>\n<p>&nbsp;<\/p>\n<p>&nbsp;<\/p>\n","protected":false},"excerpt":{"rendered":"<p>Tuxpan, Ver.\u00a0 En el marco del D\u00eda Internacional de los Oc\u00e9anos, se llev\u00f3 a cabo el programa Limpia Tu Playa,<\/p>\n","protected":false},"author":4,"featured_media":5117,"comment_status":"closed","ping_status":"closed","sticky":false,"template":"","format":"standard","meta":{"colormag_page_container_layout":"default_layout","colormag_page_sidebar_layout":"default_layout","_jetpack_memberships_contains_paid_content":false,"footnotes":"","jetpack_publicize_message":"","jetpack_publicize_feature_enabled":true,"jetpack_social_post_already_shared":false,"jetpack_social_options":{"image_generator_settings":{"template":"highway","default_image_id":0,"font":"","enabled":false},"version":2}},"categories":[356],"tags":[884,277,883,72,73],"class_list":["post-5115","post","type-post","status-publish","format-standard","has-post-thumbnail","hentry","category-veracruz","tag-dia-internacional-de-los-oceanos","tag-jose-manuel-pozos-castro","tag-limpia-tu-playa","tag-tuxpan","tag-veracruz"],"jetpack_publicize_connections":[],"jetpack_featured_media_url":"https:\/\/noticiasveracruz.com\/wp-content\/uploads\/2022\/06\/playa-2.jpeg","jetpack_sharing_enabled":true,"publishpress_future_action":{"enabled":false,"date":"2026-05-07 06:08:28","action":"change-status","newStatus":"draft","terms":[],"taxonomy":"category","extraData":[]},"publishpress_future_workflow_manual_trigger":{"enabledWorkflows":[]},"_links":{"self":[{"href":"https:\/\/noticiasveracruz.com\/index.php\/wp-json\/wp\/v2\/posts\/5115","targetHints":{"allow":["GET"]}}],"collection":[{"href":"https:\/\/noticiasveracruz.com\/index.php\/wp-json\/wp\/v2\/posts"}],"about":[{"href":"https:\/\/noticiasveracruz.com\/index.php\/wp-json\/wp\/v2\/types\/post"}],"author":[{"embeddable":true,"href":"https:\/\/noticiasveracruz.com\/index.php\/wp-json\/wp\/v2\/users\/4"}],"replies":[{"embeddable":true,"href":"https:\/\/noticiasveracruz.com\/index.php\/wp-json\/wp\/v2\/comments?post=5115"}],"version-history":[{"count":0,"href":"https:\/\/noticiasveracruz.com\/index.php\/wp-json\/wp\/v2\/posts\/5115\/revisions"}],"wp:featuredmedia":[{"embeddable":true,"href":"https:\/\/noticiasveracruz.com\/index.php\/wp-json\/wp\/v2\/media\/5117"}],"wp:attachment":[{"href":"https:\/\/noticiasveracruz.com\/index.php\/wp-json\/wp\/v2\/media?parent=5115"}],"wp:term":[{"taxonomy":"category","embeddable":true,"href":"https:\/\/noticiasveracruz.com\/index.php\/wp-json\/wp\/v2\/categories?post=5115"},{"taxonomy":"post_tag","embeddable":true,"href":"https:\/\/noticiasveracruz.com\/index.php\/wp-json\/wp\/v2\/tags?post=5115"}],"curies":[{"name":"wp","href":"https:\/\/api.w.org\/{rel}","templated":true}]}}