{"id":51140,"date":"2025-02-26T00:09:08","date_gmt":"2025-02-26T06:09:08","guid":{"rendered":"https:\/\/noticiasveracruz.com\/?p=51140"},"modified":"2025-02-25T22:20:12","modified_gmt":"2025-02-26T04:20:12","slug":"acciones-de-tesla-caen-8-39-por-ventas-decepcionantes-en-europa","status":"publish","type":"post","link":"https:\/\/noticiasveracruz.com\/index.php\/2025\/02\/26\/acciones-de-tesla-caen-8-39-por-ventas-decepcionantes-en-europa\/","title":{"rendered":"Acciones de Tesla caen 8.39% por ventas decepcionantes en Europa"},"content":{"rendered":"<p>Las acciones del fabricante de veh\u00edculos el\u00e9ctricos Tesla llegaron a caer hasta 9 por ciento el martes en la bolsa de Nueva York y al final de la sesi\u00f3n acortaron la p\u00e9rdida a 8.39 por ciento, una reacci\u00f3n de los inversores a ventas decepcionantes en Europa y a la fuerte incursi\u00f3n de su director Elon Musk en la pol\u00edtica.<\/p>\n<p>La ca\u00edda de las acciones, que quedaron en 302.80 d\u00f3lares, hizo que su capitalizaci\u00f3n de mercado volviera a ubicarse por debajo del bill\u00f3n de d\u00f3lares, algo que no ocurr\u00eda desde noviembre del a\u00f1o pasado. Su valor de mercado se ubic\u00f3 en 974 mil millones de d\u00f3lares.<\/p>\n<p>Las acciones han acumulado un descenso de 16 por ciento en cuatro sesiones burs\u00e1tiles consecutivas, lo que ha eliminado 186 mil millones en valor de mercado en ese lapso, de acuerdo con Bloomberg.<\/p>\n<p>Tesla vendi\u00f3 menos de 10 mil unidades en Europa el mes pasado, 45 por ciento menos que el a\u00f1o anterior.<\/p>\n<p>El precio de las acciones de Tesla se dispar\u00f3 tras las elecciones estadunidenses de noviembre pasado, ante la confianza de los inversores en que la cercan\u00eda de Musk y Donald Trump podr\u00eda ayudar a sus empresas.<\/p>\n<p>Las cifras d\u00e9biles de sus ventas en Europa parecen haber pinchado ese optimismo, al menos por ahora, y han generado preocupaciones de que lo que puede ser popular en Estados Unidos llegue a perjudicar el \u00e9xito de la empresa en otros lugares.<\/p>\n<p>Musk tambi\u00e9n ha expresado un fuerte apoyo a l\u00edderes pol\u00edticos de extrema derecha en Europa, inclusive en las \u00faltimas elecciones en Alemania, lo que ha generado cr\u00edticas de parte de algunos pol\u00edticos europeos.<\/p>\n<p>Adem\u00e1s de los desaf\u00edos en Europa, Tesla enfrenta una fuerte competencia de fabricantes como BYD en China, un mercado clave para los veh\u00edculos el\u00e9ctricos.<\/p>\n<p>Esta semana, la empresa de Musk anunci\u00f3 que empezar\u00eda a ofrecer funciones avanzadas de conducci\u00f3n aut\u00f3noma para sus autos en China, poco despu\u00e9s de que BYD informara que introducir\u00eda esta tecnolog\u00eda en casi todos sus veh\u00edculos.<\/p>\n<p>Tesla adquirir\u00e1 partes del insolvente fabricante alem\u00e1n de piezas Manz<\/p>\n<p>Tesla adquirir\u00e1 partes del insolvente fabricante de piezas de alta tecnolog\u00eda Manz AG, incluidos m\u00e1s de 300 empleados en su planta de la ciudad de Reutlingen, en el suroeste del pa\u00eds, inform\u00f3 el martes la empresa alemana.<\/p>\n<p>El acuerdo marca una mayor presencia de Tesla en Alemania, donde cuenta con un centro de fabricaci\u00f3n cerca de Berl\u00edn, incluso despu\u00e9s de que su presidente ejecutivo, Elon Musk, apoy\u00f3 al partido de extrema derecha AfD, con el que los partidos mayoritarios se han negado a trabajar debido a sus posiciones extremas.<\/p>\n","protected":false},"excerpt":{"rendered":"<p>Las acciones del fabricante de veh\u00edculos el\u00e9ctricos Tesla llegaron a caer hasta 9 por ciento el martes en la bolsa<\/p>\n","protected":false},"author":4,"featured_media":51141,"comment_status":"closed","ping_status":"closed","sticky":false,"template":"","format":"standard","meta":{"colormag_page_container_layout":"default_layout","colormag_page_sidebar_layout":"default_layout","_jetpack_memberships_contains_paid_content":false,"footnotes":"","jetpack_publicize_message":"","jetpack_publicize_feature_enabled":true,"jetpack_social_post_already_shared":true,"jetpack_social_options":{"image_generator_settings":{"template":"highway","default_image_id":0,"font":"","enabled":false},"version":2}},"categories":[1947],"tags":[],"class_list":["post-51140","post","type-post","status-publish","format-standard","has-post-thumbnail","hentry","category-economia"],"jetpack_publicize_connections":[],"jetpack_featured_media_url":"https:\/\/noticiasveracruz.com\/wp-content\/uploads\/2025\/02\/45db358bb9765e9b227529b455c682f7.jpg","jetpack_sharing_enabled":true,"publishpress_future_action":{"enabled":false,"date":"2026-05-08 11:12:43","action":"change-status","newStatus":"draft","terms":[],"taxonomy":"category","extraData":[]},"publishpress_future_workflow_manual_trigger":{"enabledWorkflows":[]},"_links":{"self":[{"href":"https:\/\/noticiasveracruz.com\/index.php\/wp-json\/wp\/v2\/posts\/51140","targetHints":{"allow":["GET"]}}],"collection":[{"href":"https:\/\/noticiasveracruz.com\/index.php\/wp-json\/wp\/v2\/posts"}],"about":[{"href":"https:\/\/noticiasveracruz.com\/index.php\/wp-json\/wp\/v2\/types\/post"}],"author":[{"embeddable":true,"href":"https:\/\/noticiasveracruz.com\/index.php\/wp-json\/wp\/v2\/users\/4"}],"replies":[{"embeddable":true,"href":"https:\/\/noticiasveracruz.com\/index.php\/wp-json\/wp\/v2\/comments?post=51140"}],"version-history":[{"count":0,"href":"https:\/\/noticiasveracruz.com\/index.php\/wp-json\/wp\/v2\/posts\/51140\/revisions"}],"wp:featuredmedia":[{"embeddable":true,"href":"https:\/\/noticiasveracruz.com\/index.php\/wp-json\/wp\/v2\/media\/51141"}],"wp:attachment":[{"href":"https:\/\/noticiasveracruz.com\/index.php\/wp-json\/wp\/v2\/media?parent=51140"}],"wp:term":[{"taxonomy":"category","embeddable":true,"href":"https:\/\/noticiasveracruz.com\/index.php\/wp-json\/wp\/v2\/categories?post=51140"},{"taxonomy":"post_tag","embeddable":true,"href":"https:\/\/noticiasveracruz.com\/index.php\/wp-json\/wp\/v2\/tags?post=51140"}],"curies":[{"name":"wp","href":"https:\/\/api.w.org\/{rel}","templated":true}]}}