{"id":51137,"date":"2025-02-26T00:08:22","date_gmt":"2025-02-26T06:08:22","guid":{"rendered":"https:\/\/noticiasveracruz.com\/?p=51137"},"modified":"2025-02-25T21:57:41","modified_gmt":"2025-02-26T03:57:41","slug":"descarta-el-pan-llamar-al-boicot-en-la-eleccion-judicial","status":"publish","type":"post","link":"https:\/\/noticiasveracruz.com\/index.php\/2025\/02\/26\/descarta-el-pan-llamar-al-boicot-en-la-eleccion-judicial\/","title":{"rendered":"Descarta el PAN llamar al boicot en la elecci\u00f3n judicial"},"content":{"rendered":"<p>Luego de insistir en su cr\u00edtica a la elecci\u00f3n judicial que se realizar\u00e1 en junio, el dirigente nacional del Partido Acci\u00f3n Nacional (PAN), Jorge Romero, descart\u00f3 que desde el blanquiazul vayan a hacer alguna campa\u00f1a para pedir que la poblaci\u00f3n no salga a votar en este proceso, y luego de se\u00f1alar de nueva cuenta que el proceso representar\u00e1 un fraude, asever\u00f3 que la participaci\u00f3n de la gente ser\u00e1 el \u201c\u00faltimo reducto de salvaci\u00f3n de este fraude judicial\u201d.<\/p>\n<p>Al reiterar que varios de los aspirantes en busca de alg\u00fan cargo como ministros, magistrados o jueces, son afines a Morena, el panista sostuvo que la reforma no les proh\u00edbe exhibir dichos perfiles y sus presuntos v\u00ednculos con el partido guinda.<\/p>\n<p>En conferencia de prensa en la sede del Senado, acompa\u00f1ado de los senadores de la bancada del Acci\u00f3n Nacional, el dirigente nacional del instituto pol\u00edtico afirm\u00f3 que \u201cpara nada vamos nosotros a pedir la no votaci\u00f3n. Al contrario, nosotros creemos que el \u00faltimo reducto de salvaci\u00f3n de este fraude judicial es precisamente la participaci\u00f3n ciudadana. Le decimos a los ciudadanos: s\u00f3lo t\u00fa, ciudadano, te puede salvar, s\u00f3lo la ciudadan\u00eda nos puede salvar de este fraude judicial\u201d.<\/p>\n<p>Aunque la reforma electoral proh\u00edbe a los partidos pol\u00edticos impulsar determinados perfiles en la contienda en la que se elegir\u00e1n ministros, magistrados y jueces, Romero Herrera asegur\u00f3 que la legislaci\u00f3n no establece \u201cla prohibici\u00f3n de decir qui\u00e9nes son personas que no tienen la calidad de imparcialidad\u201d, por lo que expondr\u00e1n a dichas candidaturas.<\/p>\n<p>Como ejemplo, dijo que \u201csi va a haber un partido entre Am\u00e9rica y Chivas, \u00bfqui\u00e9n de los que aspiran a ser \u00e1rbitros trae la playera de uno u otro? Lo que es una absoluta insensatez. Eso es lo que s\u00ed vamos a hacer. Aguas con que el papel de \u00e1rbitro se lo estemos dando a alguien que notoriamente viene de jugar o de estar en la porra de uno de los dos equipos. Eso es lo que vamos a hacer\u201d.<\/p>\n<p>Adelant\u00f3 que continuar\u00e1n con acciones de \u201cresistencia civil pac\u00edfica\u201d en contra de la elecci\u00f3n judicial. \u201cLa resistencia civil va a ser algo que nosotros hagamos con toda convicci\u00f3n en todo este pa\u00eds. Les vamos a ir dando sorpresas de en qu\u00e9 va a consistir. Pac\u00edfica, eso s\u00ed, siempre, pero resistencia civil.<\/p>\n<p>Junto a Ricardo Anaya, coordinador de los senadores del PAN, Romero Herrera tambi\u00e9n volvi\u00f3 a referirse al caso del abogado Juan Pablo Penilla, a quien el PAN ha se\u00f1alado desde la semana pasada de presuntamente ser parte de la defensa de Ismael El Mayo Zambada, detenido en Estados Unidos, y al mismo tiempo estar vinculado con morenistas.<\/p>\n<p>\u201cQu\u00e9 pena lo que est\u00e1 pasando en este pa\u00eds. Ahora s\u00ed que, qu\u00e9 penilla, qu\u00e9 penilla, para aquel que lo sepa leer, qu\u00e9 penilla\u201d, expres\u00f3 el panista.<\/p>\n<p>Acus\u00f3, adem\u00e1s, al gobierno federal de dar preferencia a su caso, sobre otros mexicanos que est\u00e1n en riesgo de recibir pena de muerte en el pa\u00eds vecino.<\/p>\n<p>\u201cNosotros aqu\u00ed hacemos primero una pregunta jur\u00eddica, cu\u00e1ntos m\u00e1s mexicanos o mexicanas que en Estados Unidos o en cualquier otro pa\u00eds en donde aplique, que est\u00e9n en las filas de la pena de muerte, a cu\u00e1ntos m\u00e1s el gobierno mexicano le est\u00e1 poniendo esta atenci\u00f3n. Dicen que no hay que clasificar entre mexicanas y mexicanos de primera y de segunda, entonces, por qu\u00e9 aqu\u00ed s\u00ed hay clasificaci\u00f3n, entonces por qu\u00e9 desde un p\u00falpito se le pone toda la atenci\u00f3n, qu\u00e9 pasa con todas las dem\u00e1s mexicanas y mexicanos\u201d, cuestion\u00f3.<\/p>\n","protected":false},"excerpt":{"rendered":"<p>Luego de insistir en su cr\u00edtica a la elecci\u00f3n judicial que se realizar\u00e1 en junio, el dirigente nacional del Partido<\/p>\n","protected":false},"author":4,"featured_media":51138,"comment_status":"closed","ping_status":"closed","sticky":false,"template":"","format":"standard","meta":{"colormag_page_container_layout":"default_layout","colormag_page_sidebar_layout":"default_layout","_jetpack_memberships_contains_paid_content":false,"footnotes":"","jetpack_publicize_message":"","jetpack_publicize_feature_enabled":true,"jetpack_social_post_already_shared":true,"jetpack_social_options":{"image_generator_settings":{"template":"highway","default_image_id":0,"font":"","enabled":false},"version":2}},"categories":[4],"tags":[],"class_list":["post-51137","post","type-post","status-publish","format-standard","has-post-thumbnail","hentry","category-nacional"],"jetpack_publicize_connections":[],"jetpack_featured_media_url":"https:\/\/noticiasveracruz.com\/wp-content\/uploads\/2025\/02\/PAN.jpg","jetpack_sharing_enabled":true,"publishpress_future_action":{"enabled":false,"date":"2026-05-08 11:58:31","action":"change-status","newStatus":"draft","terms":[],"taxonomy":"category","extraData":[]},"publishpress_future_workflow_manual_trigger":{"enabledWorkflows":[]},"_links":{"self":[{"href":"https:\/\/noticiasveracruz.com\/index.php\/wp-json\/wp\/v2\/posts\/51137","targetHints":{"allow":["GET"]}}],"collection":[{"href":"https:\/\/noticiasveracruz.com\/index.php\/wp-json\/wp\/v2\/posts"}],"about":[{"href":"https:\/\/noticiasveracruz.com\/index.php\/wp-json\/wp\/v2\/types\/post"}],"author":[{"embeddable":true,"href":"https:\/\/noticiasveracruz.com\/index.php\/wp-json\/wp\/v2\/users\/4"}],"replies":[{"embeddable":true,"href":"https:\/\/noticiasveracruz.com\/index.php\/wp-json\/wp\/v2\/comments?post=51137"}],"version-history":[{"count":0,"href":"https:\/\/noticiasveracruz.com\/index.php\/wp-json\/wp\/v2\/posts\/51137\/revisions"}],"wp:featuredmedia":[{"embeddable":true,"href":"https:\/\/noticiasveracruz.com\/index.php\/wp-json\/wp\/v2\/media\/51138"}],"wp:attachment":[{"href":"https:\/\/noticiasveracruz.com\/index.php\/wp-json\/wp\/v2\/media?parent=51137"}],"wp:term":[{"taxonomy":"category","embeddable":true,"href":"https:\/\/noticiasveracruz.com\/index.php\/wp-json\/wp\/v2\/categories?post=51137"},{"taxonomy":"post_tag","embeddable":true,"href":"https:\/\/noticiasveracruz.com\/index.php\/wp-json\/wp\/v2\/tags?post=51137"}],"curies":[{"name":"wp","href":"https:\/\/api.w.org\/{rel}","templated":true}]}}