{"id":5112,"date":"2022-06-08T19:03:35","date_gmt":"2022-06-09T00:03:35","guid":{"rendered":"https:\/\/noticiasveracruz.com\/?p=5112"},"modified":"2022-06-08T19:03:35","modified_gmt":"2022-06-09T00:03:35","slug":"solo-72-horas-tuxpan-sin-agua-por-trabajos-de-mantenimiento","status":"publish","type":"post","link":"https:\/\/noticiasveracruz.com\/index.php\/2022\/06\/08\/solo-72-horas-tuxpan-sin-agua-por-trabajos-de-mantenimiento\/","title":{"rendered":"S\u00f3lo 72 horas, Tuxpan sin agua por trabajos de mantenimiento"},"content":{"rendered":"<p class=\"p1\"><span style=\"font-size: 18pt;\"><strong><span style=\"font-size: 14pt;\"><em>Tuxpan, Ver.<\/em><\/span> Debido a los trabajo de interconexi\u00f3n\u00a0entre la l\u00ednea de conducci\u00f3n de 36 pulgadas de la nueva captaci\u00f3n a la l\u00ednea existente y acciones de mantenimiento, Tuxpan se quedar\u00e1 sin agua por 72 horas.<\/strong><\/span><\/p>\n<p class=\"p1\"><span style=\"font-size: 18pt;\"><strong>La poblaci\u00f3n deber\u00e1 tomar con tiempo las previsiones necesarias, ya que ser\u00e1n los d\u00edas 10, 11 y 12 de junio cuando se llevar\u00e1n los trabajo, as\u00ed lo inform\u00f3 la Comisi\u00f3n de Agua del Estado de Veracruz, la oficina operadora de Tuxpan.<\/strong><\/span><\/p>\n<p>&nbsp;<\/p>\n<p><img loading=\"lazy\" decoding=\"async\" class=\"aligncenter wp-image-6357 size-large\" src=\"https:\/\/politicosaldesnudo.com.mx\/wp-content\/uploads\/2022\/06\/AdobeStock_396197076-1024x637.jpeg\" alt=\"\" width=\"800\" height=\"498\" \/><\/p>\n<p>&nbsp;<\/p>\n<p>&nbsp;<\/p>\n<p class=\"p1\"><span style=\"font-size: 14pt;\">Ante este plan los trabajos <\/span><span style=\"font-size: 14pt;\">pondr\u00e1n en marcha al cien por ciento las instalaciones y sistemas de captaci\u00f3n en las que se ha estado trabajando y que forman parte de lo necesario para optimizar el servicio en toda la ciudad.<\/span><\/p>\n<p class=\"p1\"><span style=\"font-size: 14pt;\">Frente a este corte, la Comisi\u00f3n de Agua del Estado de Veracruz pidi\u00f3 a los ciudadanos tomar previsiones y hacer uso responsable del agua as\u00ed como almacenarla como forma preventiva ante el paro de actividades.<\/span><\/p>\n<p>&nbsp;<\/p>\n<p>&nbsp;<\/p>\n<p>&nbsp;<\/p>\n","protected":false},"excerpt":{"rendered":"<p>Tuxpan, Ver. Debido a los trabajo de interconexi\u00f3n\u00a0entre la l\u00ednea de conducci\u00f3n de 36 pulgadas de la nueva captaci\u00f3n a<\/p>\n","protected":false},"author":4,"featured_media":5113,"comment_status":"closed","ping_status":"closed","sticky":false,"template":"","format":"standard","meta":{"colormag_page_container_layout":"default_layout","colormag_page_sidebar_layout":"default_layout","_jetpack_memberships_contains_paid_content":false,"footnotes":"","jetpack_publicize_message":"","jetpack_publicize_feature_enabled":true,"jetpack_social_post_already_shared":false,"jetpack_social_options":{"image_generator_settings":{"template":"highway","default_image_id":0,"font":"","enabled":false},"version":2}},"categories":[356],"tags":[206,72],"class_list":["post-5112","post","type-post","status-publish","format-standard","has-post-thumbnail","hentry","category-veracruz","tag-agua","tag-tuxpan"],"jetpack_publicize_connections":[],"jetpack_featured_media_url":"https:\/\/noticiasveracruz.com\/wp-content\/uploads\/2022\/06\/AdobeStock_171892608-scaled.jpeg","jetpack_sharing_enabled":true,"publishpress_future_action":{"enabled":false,"date":"2026-05-07 05:15:35","action":"change-status","newStatus":"draft","terms":[],"taxonomy":"category","extraData":[]},"publishpress_future_workflow_manual_trigger":{"enabledWorkflows":[]},"_links":{"self":[{"href":"https:\/\/noticiasveracruz.com\/index.php\/wp-json\/wp\/v2\/posts\/5112","targetHints":{"allow":["GET"]}}],"collection":[{"href":"https:\/\/noticiasveracruz.com\/index.php\/wp-json\/wp\/v2\/posts"}],"about":[{"href":"https:\/\/noticiasveracruz.com\/index.php\/wp-json\/wp\/v2\/types\/post"}],"author":[{"embeddable":true,"href":"https:\/\/noticiasveracruz.com\/index.php\/wp-json\/wp\/v2\/users\/4"}],"replies":[{"embeddable":true,"href":"https:\/\/noticiasveracruz.com\/index.php\/wp-json\/wp\/v2\/comments?post=5112"}],"version-history":[{"count":0,"href":"https:\/\/noticiasveracruz.com\/index.php\/wp-json\/wp\/v2\/posts\/5112\/revisions"}],"wp:featuredmedia":[{"embeddable":true,"href":"https:\/\/noticiasveracruz.com\/index.php\/wp-json\/wp\/v2\/media\/5113"}],"wp:attachment":[{"href":"https:\/\/noticiasveracruz.com\/index.php\/wp-json\/wp\/v2\/media?parent=5112"}],"wp:term":[{"taxonomy":"category","embeddable":true,"href":"https:\/\/noticiasveracruz.com\/index.php\/wp-json\/wp\/v2\/categories?post=5112"},{"taxonomy":"post_tag","embeddable":true,"href":"https:\/\/noticiasveracruz.com\/index.php\/wp-json\/wp\/v2\/tags?post=5112"}],"curies":[{"name":"wp","href":"https:\/\/api.w.org\/{rel}","templated":true}]}}