{"id":51116,"date":"2025-02-26T00:01:07","date_gmt":"2025-02-26T06:01:07","guid":{"rendered":"https:\/\/noticiasveracruz.com\/?p=51116"},"modified":"2025-02-25T21:24:17","modified_gmt":"2025-02-26T03:24:17","slug":"disminuyen-indices-de-homicidios-dolosos-rn","status":"publish","type":"post","link":"https:\/\/noticiasveracruz.com\/index.php\/2025\/02\/26\/disminuyen-indices-de-homicidios-dolosos-rn\/","title":{"rendered":"Disminuyen \u00edndices de homicidios dolosos: RN"},"content":{"rendered":"<p>De acuerdo con cifras del Secretariado Ejecutivo del Sistema Nacional de Seguridad P\u00fablica, Veracruz ocupa el lugar 22 en homicidios dolosos y el 25 en incidencia delictiva, gracias al trabajo coordinado en la Mesa de Construcci\u00f3n de Paz y Seguridad.<\/p>\n<p>En el mes de enero, la entidad registr\u00f3 una tasa de 0.74 v\u00edctimas de homicidio doloso por cada cien mil habitantes, frente a una tasa nacional de 1.79; este dato representa un decremento de cuatro posiciones en comparaci\u00f3n con el mismo mes del a\u00f1o anterior.<\/p>\n<p>Mientras que, en incidencia delictiva, el pasado se ubic\u00f3 en el lugar 25 con una tasa de 68.71 delitos por cada cien mil habitantes, mejorando una posici\u00f3n con respecto a diciembre de 2024.<\/p>\n<p>A trav\u00e9s de sus redes sociales, la gobernadora Roc\u00edo Nahle Garc\u00eda destac\u00f3 que, el objetivo es que ning\u00fan ciudadano est\u00e9 expuesto a la violencia; por ello, su administraci\u00f3n trabaja en la reconstrucci\u00f3n del tejido social y en la coordinaci\u00f3n con las dependencias para garantizar la paz el bienestar de la poblaci\u00f3n.<\/p>\n","protected":false},"excerpt":{"rendered":"<p>De acuerdo con cifras del Secretariado Ejecutivo del Sistema Nacional de Seguridad P\u00fablica, Veracruz ocupa el lugar 22 en homicidios<\/p>\n","protected":false},"author":4,"featured_media":51117,"comment_status":"closed","ping_status":"closed","sticky":false,"template":"","format":"standard","meta":{"colormag_page_container_layout":"default_layout","colormag_page_sidebar_layout":"default_layout","_jetpack_memberships_contains_paid_content":false,"footnotes":"","jetpack_publicize_message":"","jetpack_publicize_feature_enabled":true,"jetpack_social_post_already_shared":true,"jetpack_social_options":{"image_generator_settings":{"template":"highway","default_image_id":0,"font":"","enabled":false},"version":2}},"categories":[356],"tags":[],"class_list":["post-51116","post","type-post","status-publish","format-standard","has-post-thumbnail","hentry","category-veracruz"],"jetpack_publicize_connections":[],"jetpack_featured_media_url":"https:\/\/noticiasveracruz.com\/wp-content\/uploads\/2025\/02\/8a-5-scaled.jpg","jetpack_sharing_enabled":true,"publishpress_future_action":{"enabled":false,"date":"2026-05-08 05:05:10","action":"change-status","newStatus":"draft","terms":[],"taxonomy":"category","extraData":[]},"publishpress_future_workflow_manual_trigger":{"enabledWorkflows":[]},"_links":{"self":[{"href":"https:\/\/noticiasveracruz.com\/index.php\/wp-json\/wp\/v2\/posts\/51116","targetHints":{"allow":["GET"]}}],"collection":[{"href":"https:\/\/noticiasveracruz.com\/index.php\/wp-json\/wp\/v2\/posts"}],"about":[{"href":"https:\/\/noticiasveracruz.com\/index.php\/wp-json\/wp\/v2\/types\/post"}],"author":[{"embeddable":true,"href":"https:\/\/noticiasveracruz.com\/index.php\/wp-json\/wp\/v2\/users\/4"}],"replies":[{"embeddable":true,"href":"https:\/\/noticiasveracruz.com\/index.php\/wp-json\/wp\/v2\/comments?post=51116"}],"version-history":[{"count":0,"href":"https:\/\/noticiasveracruz.com\/index.php\/wp-json\/wp\/v2\/posts\/51116\/revisions"}],"wp:featuredmedia":[{"embeddable":true,"href":"https:\/\/noticiasveracruz.com\/index.php\/wp-json\/wp\/v2\/media\/51117"}],"wp:attachment":[{"href":"https:\/\/noticiasveracruz.com\/index.php\/wp-json\/wp\/v2\/media?parent=51116"}],"wp:term":[{"taxonomy":"category","embeddable":true,"href":"https:\/\/noticiasveracruz.com\/index.php\/wp-json\/wp\/v2\/categories?post=51116"},{"taxonomy":"post_tag","embeddable":true,"href":"https:\/\/noticiasveracruz.com\/index.php\/wp-json\/wp\/v2\/tags?post=51116"}],"curies":[{"name":"wp","href":"https:\/\/api.w.org\/{rel}","templated":true}]}}