{"id":5107,"date":"2022-06-08T17:13:50","date_gmt":"2022-06-08T22:13:50","guid":{"rendered":"https:\/\/noticiasveracruz.com\/?p=5107"},"modified":"2022-06-08T17:13:50","modified_gmt":"2022-06-08T22:13:50","slug":"no-sabian-lo-que-robaban-juzgan-a-ocho-por-robo-de-banksy","status":"publish","type":"post","link":"https:\/\/noticiasveracruz.com\/index.php\/2022\/06\/08\/no-sabian-lo-que-robaban-juzgan-a-ocho-por-robo-de-banksy\/","title":{"rendered":"No sab\u00edan lo que robaban, juzgan a ocho por robo de Banksy"},"content":{"rendered":"<p class=\"p1\">\n<p class=\"p1\"><span style=\"font-size: 14pt;\"><em><strong>Par\u00eds.\u00a0<\/strong><\/em><strong>Ocho hombres<\/strong> comparecen desde este mi\u00e9rcoles ante la justicia francesa por el robo en 2019 de <strong>una obra de Banksy que rend\u00eda homenaje a las v\u00edctimas de los atentados yihadistas de noviembre de 2015 en Par\u00eds.<\/strong><\/span><\/p>\n<p class=\"p1\"><span style=\"font-size: 18pt;\"><strong>La imagen de una joven triste decoraba una puerta de la sala de espect\u00e1culos Bataclan, uno de los lugares donde se produjo el ataque. Tras su robo, la puerta met\u00e1lica se hall\u00f3 en Italia un a\u00f1o despu\u00e9s.<\/strong><\/span><\/p>\n<p class=\"p1\"><span style=\"font-size: 14pt;\">Un tribunal de Par\u00eds debe determinar durante el juicio de tres d\u00edas el papel desempe\u00f1ado por los ocho acusados \u2014siete franceses y un italiano\u2014 en el robo y la ocultaci\u00f3n de la obra.<\/span><\/p>\n<p>&nbsp;<\/p>\n<p class=\"p1\"><span style=\"font-size: 18pt;\"><strong>LOS HECHOS<\/strong><\/span><\/p>\n<p class=\"p1\"><span style=\"font-size: 18pt;\"><strong>Los hechos remontan al 26 de enero de 2019. Poco despu\u00e9s de las 04:00 de la madrugada, una furgoneta blanca se detuvo cerca de la puerta lateral por donde huyeron en 2015 supervivientes del atentado del Bataclan.<\/strong><\/span><\/p>\n<p class=\"p1\"><span style=\"font-size: 18pt;\"><strong>Tres hombres enmascarados salieron del veh\u00edculo, cortaron las bisagras con herramientas alimentadas por un generador y, en menos de 10 minutos, se marcharon con la obra, que estaba protegida por un plexigl\u00e1s.<\/strong><\/span><\/p>\n<p class=\"p1\"><span style=\"font-size: 18pt;\"><strong>El robo de este \u201cs\u00edmbolo del recogimiento y perteneciente a todos, vecinos, parisinos, ciudadanos del mundo\u201d indign\u00f3 a los entonces responsables de la sala de espect\u00e1culos.<\/strong><\/span><\/p>\n<p class=\"p1\"><span style=\"font-size: 14pt;\">Los investigadores reconstituyeron poco a poco el operativo de los ladrones y lograron hallar la puerta en una granja de Sant&#8217;Omero, una localidad del centro de Italia, el 10 de junio de 2020.<\/span><\/p>\n<p class=\"p1\"><span style=\"font-size: 14pt;\">Kevin Gadouche, Franck Grillet-Aubert y Danis Gerizier, de unos 30 a\u00f1os, confesaron el robo cuando fueron detenidos, pero estos dos \u00faltimos aseguraron que solo obedecieron \u00f3rdenes.<\/span><\/p>\n<p class=\"p1\"><span style=\"font-size: 14pt;\">Mehdi Meftah, que alberg\u00f3 la puerta en el sur de Francia antes de que continuara su camino a Italia y amante del arte callejero, es sospechoso de haberlo \u201cencargado\u201d.<\/span><\/p>\n<p class=\"p1\"><span style=\"font-size: 18pt;\"><strong>Durante la investigaci\u00f3n, el hombre de 41 a\u00f1os y creador de la marca de ropa de lujo \u201cBL1.D\u201d neg\u00f3 haber ordenado el robo y dijo que se enfrent\u00f3 a un \u00abhecho consumado\u00bb antes de decidir \u201calejar el problema\u201d a Italia.<\/strong><\/span><\/p>\n<p class=\"p1\"><span style=\"font-size: 14pt;\">Los cuatro \u00faltimos acusados son juzgados por haber supuestamente transportado la obra.<\/span><\/p>\n<p>&nbsp;<\/p>\n<p class=\"p1\"><span style=\"font-size: 18pt;\"><strong>NO SAB\u00cdAN LO QUE ROBABAN<\/strong><\/span><\/p>\n<p class=\"p1\"><span style=\"font-size: 14pt;\">La identidad del artista brit\u00e1nico Banksy, que reivindica obras con mensaje pol\u00edtico en todo el mundo, es un misterio. Sus obras se subastan por millones de d\u00f3lares.<\/span><\/p>\n<p class=\"p1\"><span style=\"font-size: 18pt;\"><strong>El precio de la puerta se estim\u00f3 entre 536.000 y 1,07 millones de d\u00f3lares, un monto en discusi\u00f3n.<\/strong><\/span><\/p>\n<blockquote>\n<p class=\"p1\"><span style=\"font-size: 14pt;\">Por mucho que mi cliente conociera el Bataclan, esta obra de Banksy no es algo que le resulte especialmente familiar (\u2026) En realidad no sab\u00eda lo que robaba\u201d, seg\u00fan Romain Ruiz, abogado de Grillet-Aubert.<\/span><\/p>\n<\/blockquote>\n<p class=\"p1\"><span style=\"font-size: 14pt;\">El gestor de la sala de espect\u00e1culo del Bataclan, que retom\u00f3 la alcald\u00eda de Par\u00eds, recurri\u00f3 en casaci\u00f3n la restituci\u00f3n de la puerta a los propietarios del edificio.<\/span><\/p>\n<p class=\"p1\"><span style=\"font-size: 18pt;\"><strong>El juicio comenz\u00f3 cuando el proceso de los atentados del 13 de noviembre de 2015, que dejaron 130 muertos en Par\u00eds y en las afueras, entr\u00f3 en la fase de los alegatos finales, nueve meses despu\u00e9s de su inicio.<\/strong><\/span><\/p>\n<p>&nbsp;<\/p>\n","protected":false},"excerpt":{"rendered":"<p>Par\u00eds.\u00a0Ocho hombres comparecen desde este mi\u00e9rcoles ante la justicia francesa por el robo en 2019 de una obra de Banksy<\/p>\n","protected":false},"author":4,"featured_media":5108,"comment_status":"closed","ping_status":"closed","sticky":false,"template":"","format":"standard","meta":{"colormag_page_container_layout":"default_layout","colormag_page_sidebar_layout":"default_layout","_jetpack_memberships_contains_paid_content":false,"footnotes":"","jetpack_publicize_message":"","jetpack_publicize_feature_enabled":true,"jetpack_social_post_already_shared":false,"jetpack_social_options":{"image_generator_settings":{"template":"highway","default_image_id":0,"font":"","enabled":false},"version":2}},"categories":[358],"tags":[880,882,881,758],"class_list":["post-5107","post","type-post","status-publish","format-standard","has-post-thumbnail","hentry","category-cultura","tag-bansky","tag-bataclan","tag-paris","tag-robo"],"jetpack_publicize_connections":[],"jetpack_featured_media_url":"https:\/\/noticiasveracruz.com\/wp-content\/uploads\/2022\/06\/image_large.jpeg","jetpack_sharing_enabled":true,"publishpress_future_action":{"enabled":false,"date":"2026-05-07 04:37:36","action":"change-status","newStatus":"draft","terms":[],"taxonomy":"category","extraData":[]},"publishpress_future_workflow_manual_trigger":{"enabledWorkflows":[]},"_links":{"self":[{"href":"https:\/\/noticiasveracruz.com\/index.php\/wp-json\/wp\/v2\/posts\/5107","targetHints":{"allow":["GET"]}}],"collection":[{"href":"https:\/\/noticiasveracruz.com\/index.php\/wp-json\/wp\/v2\/posts"}],"about":[{"href":"https:\/\/noticiasveracruz.com\/index.php\/wp-json\/wp\/v2\/types\/post"}],"author":[{"embeddable":true,"href":"https:\/\/noticiasveracruz.com\/index.php\/wp-json\/wp\/v2\/users\/4"}],"replies":[{"embeddable":true,"href":"https:\/\/noticiasveracruz.com\/index.php\/wp-json\/wp\/v2\/comments?post=5107"}],"version-history":[{"count":0,"href":"https:\/\/noticiasveracruz.com\/index.php\/wp-json\/wp\/v2\/posts\/5107\/revisions"}],"wp:featuredmedia":[{"embeddable":true,"href":"https:\/\/noticiasveracruz.com\/index.php\/wp-json\/wp\/v2\/media\/5108"}],"wp:attachment":[{"href":"https:\/\/noticiasveracruz.com\/index.php\/wp-json\/wp\/v2\/media?parent=5107"}],"wp:term":[{"taxonomy":"category","embeddable":true,"href":"https:\/\/noticiasveracruz.com\/index.php\/wp-json\/wp\/v2\/categories?post=5107"},{"taxonomy":"post_tag","embeddable":true,"href":"https:\/\/noticiasveracruz.com\/index.php\/wp-json\/wp\/v2\/tags?post=5107"}],"curies":[{"name":"wp","href":"https:\/\/api.w.org\/{rel}","templated":true}]}}