{"id":51054,"date":"2025-02-25T00:04:17","date_gmt":"2025-02-25T06:04:17","guid":{"rendered":"https:\/\/noticiasveracruz.com\/?p=51054"},"modified":"2025-02-24T21:09:18","modified_gmt":"2025-02-25T03:09:18","slug":"inicia-colecta-nacional-de-cruz-roja-mexicana","status":"publish","type":"post","link":"https:\/\/noticiasveracruz.com\/index.php\/2025\/02\/25\/inicia-colecta-nacional-de-cruz-roja-mexicana\/","title":{"rendered":"Inicia Colecta Nacional de Cruz Roja Mexicana"},"content":{"rendered":"<p>Con la aportaci\u00f3n voluntaria de la gobernadora Roc\u00edo Nahle Garc\u00eda, arranc\u00f3 la Colecta Nacional 2025 de la Cruz Roja Mexicana en Veracruz, bajo el lema Las emergencias no esperan, no dejes de ayudar, la cual se llevar\u00e1 a cabo hasta el 31 de mayo.<\/p>\n<p>La titular del Ejecutivo reconoci\u00f3 el esfuerzo de esta instituci\u00f3n a lo largo de 115 a\u00f1os de servicio en M\u00e9xico, \u201cnaci\u00f3 para ayudar a los dem\u00e1s, gracias a la aportaci\u00f3n ciudadana, como la de ustedes, los que atienden.\u201d<\/p>\n<p>Por ello, el Gobierno del Estado mantendr\u00e1 la recaudaci\u00f3n a trav\u00e9s del Derecho de Control Vehicular y la colecta gubernamental y escolar.<\/p>\n<p>Por su parte, el delegado estatal de la Cruz Roja, Oswaldo Jes\u00fas Ficachi Figueroa, destac\u00f3 la atenci\u00f3n gratuita brindada durante 2024, con m\u00e1s de 80 mil servicios m\u00e9dicos, 26 mil traslados en ambulancia y la capacitaci\u00f3n en primeros auxilios a instituciones educativas y empresas.<\/p>\n<p>Con la recaudaci\u00f3n de este a\u00f1o, la instituci\u00f3n de asistencia prev\u00e9 adquirir al menos seis ambulancias m\u00e1s para reforzar la flotilla de 54 unidades que actualmente operan en la entidad.<\/p>\n<p>En este marco, la Gobernadora entreg\u00f3 dos ambulancias equipadas \u2013de las cuatro adquiridas con los recursos captados en 2024\u2013 al personal operativo de las delegaciones de Ciudad Mendoza y Xalapa.<\/p>\n<p>A la donaci\u00f3n tambi\u00e9n se sum\u00f3 el Gabinete, la \u2003directora del DIF estatal, Clara Mora Ju\u00e1rez y las presidentas del Tribunal Superior de Justicia y de la Mesa Directiva del Congreso del Estado, Lisbeth Aurelia Jim\u00e9nez Aguirre y Tanya Carola Viveros Ch\u00e1zaro, respectivamente.<\/p>\n","protected":false},"excerpt":{"rendered":"<p>Con la aportaci\u00f3n voluntaria de la gobernadora Roc\u00edo Nahle Garc\u00eda, arranc\u00f3 la Colecta Nacional 2025 de la Cruz Roja Mexicana<\/p>\n","protected":false},"author":4,"featured_media":51055,"comment_status":"closed","ping_status":"closed","sticky":false,"template":"","format":"standard","meta":{"colormag_page_container_layout":"default_layout","colormag_page_sidebar_layout":"default_layout","_jetpack_memberships_contains_paid_content":false,"footnotes":"","jetpack_publicize_message":"","jetpack_publicize_feature_enabled":true,"jetpack_social_post_already_shared":true,"jetpack_social_options":{"image_generator_settings":{"template":"highway","default_image_id":0,"font":"","enabled":false},"version":2}},"categories":[356],"tags":[],"class_list":["post-51054","post","type-post","status-publish","format-standard","has-post-thumbnail","hentry","category-veracruz"],"jetpack_publicize_connections":[],"jetpack_featured_media_url":"https:\/\/noticiasveracruz.com\/wp-content\/uploads\/2025\/02\/8a-4-scaled.jpg","jetpack_sharing_enabled":true,"publishpress_future_action":{"enabled":false,"date":"2026-05-08 09:43:31","action":"change-status","newStatus":"draft","terms":[],"taxonomy":"category","extraData":[]},"publishpress_future_workflow_manual_trigger":{"enabledWorkflows":[]},"_links":{"self":[{"href":"https:\/\/noticiasveracruz.com\/index.php\/wp-json\/wp\/v2\/posts\/51054","targetHints":{"allow":["GET"]}}],"collection":[{"href":"https:\/\/noticiasveracruz.com\/index.php\/wp-json\/wp\/v2\/posts"}],"about":[{"href":"https:\/\/noticiasveracruz.com\/index.php\/wp-json\/wp\/v2\/types\/post"}],"author":[{"embeddable":true,"href":"https:\/\/noticiasveracruz.com\/index.php\/wp-json\/wp\/v2\/users\/4"}],"replies":[{"embeddable":true,"href":"https:\/\/noticiasveracruz.com\/index.php\/wp-json\/wp\/v2\/comments?post=51054"}],"version-history":[{"count":0,"href":"https:\/\/noticiasveracruz.com\/index.php\/wp-json\/wp\/v2\/posts\/51054\/revisions"}],"wp:featuredmedia":[{"embeddable":true,"href":"https:\/\/noticiasveracruz.com\/index.php\/wp-json\/wp\/v2\/media\/51055"}],"wp:attachment":[{"href":"https:\/\/noticiasveracruz.com\/index.php\/wp-json\/wp\/v2\/media?parent=51054"}],"wp:term":[{"taxonomy":"category","embeddable":true,"href":"https:\/\/noticiasveracruz.com\/index.php\/wp-json\/wp\/v2\/categories?post=51054"},{"taxonomy":"post_tag","embeddable":true,"href":"https:\/\/noticiasveracruz.com\/index.php\/wp-json\/wp\/v2\/tags?post=51054"}],"curies":[{"name":"wp","href":"https:\/\/api.w.org\/{rel}","templated":true}]}}