{"id":51051,"date":"2025-02-25T00:03:21","date_gmt":"2025-02-25T06:03:21","guid":{"rendered":"https:\/\/noticiasveracruz.com\/?p=51051"},"modified":"2025-02-24T21:08:02","modified_gmt":"2025-02-25T03:08:02","slug":"nahle-asegura-libertad-de-expresion-a-maestros","status":"publish","type":"post","link":"https:\/\/noticiasveracruz.com\/index.php\/2025\/02\/25\/nahle-asegura-libertad-de-expresion-a-maestros\/","title":{"rendered":"Nahle asegura libertad de expresi\u00f3n a maestros"},"content":{"rendered":"<p>El Gobierno de Veracruz garantiza a todas y todo el derecho a la libre manifestaci\u00f3n y a ser escuchados, manifest\u00f3 la gobernadora Roc\u00edo Nahle Garc\u00eda, refiri\u00e9ndose a la toma de las instalaciones de la Secretar\u00eda de Educaci\u00f3n (SEV), por parte de integrantes de sindicatos magisteriales.<\/p>\n<p>En entrevista con Quatro Media Comunicaciones, la mandataria expres\u00f3 su reconocimiento y gratitud a las y los docentes del estado por su compromiso con la educaci\u00f3n, destacando que Veracruz cuenta con el mayor n\u00famero de docentes en el pa\u00eds.<\/p>\n<p>Asimismo, inform\u00f3 que, a trav\u00e9s de la titular de la SEV, Claudia Tello Espinosa, su administraci\u00f3n busca reincorporar a las aulas a docentes que estaban en \u00e1reas administrativas o bajo comisi\u00f3n, en respuesta a la solicitud de diversas escuelas que requieren personal.<\/p>\n<p>Asegur\u00f3 que este proceso no afecta los derechos laborales de los trabajadores, y que el \u00fanico objetivo es fortalecer la educaci\u00f3n; \u201cnadie perder\u00e1 su empleo ni ver\u00e1 afectado su salario, s\u00f3lo pedimos su apoyo para garantizar la educaci\u00f3n de nuestras ni\u00f1as y ni\u00f1os\u201d, afirm\u00f3.<\/p>\n<p>Por \u00faltimo, hizo un llamado a los sindicatos para que privilegien el di\u00e1logo, con la confianza en que retomar\u00e1n sus labores en beneficio de la comunidad estudiantil.<\/p>\n","protected":false},"excerpt":{"rendered":"<p>El Gobierno de Veracruz garantiza a todas y todo el derecho a la libre manifestaci\u00f3n y a ser escuchados, manifest\u00f3<\/p>\n","protected":false},"author":4,"featured_media":51052,"comment_status":"closed","ping_status":"closed","sticky":false,"template":"","format":"standard","meta":{"colormag_page_container_layout":"default_layout","colormag_page_sidebar_layout":"default_layout","_jetpack_memberships_contains_paid_content":false,"footnotes":"","jetpack_publicize_message":"","jetpack_publicize_feature_enabled":true,"jetpack_social_post_already_shared":true,"jetpack_social_options":{"image_generator_settings":{"template":"highway","default_image_id":0,"font":"","enabled":false},"version":2}},"categories":[356],"tags":[],"class_list":["post-51051","post","type-post","status-publish","format-standard","has-post-thumbnail","hentry","category-veracruz"],"jetpack_publicize_connections":[],"jetpack_featured_media_url":"https:\/\/noticiasveracruz.com\/wp-content\/uploads\/2025\/02\/8c-3.jpg","jetpack_sharing_enabled":true,"publishpress_future_action":{"enabled":false,"date":"2026-05-08 08:01:57","action":"change-status","newStatus":"draft","terms":[],"taxonomy":"category","extraData":[]},"publishpress_future_workflow_manual_trigger":{"enabledWorkflows":[]},"_links":{"self":[{"href":"https:\/\/noticiasveracruz.com\/index.php\/wp-json\/wp\/v2\/posts\/51051","targetHints":{"allow":["GET"]}}],"collection":[{"href":"https:\/\/noticiasveracruz.com\/index.php\/wp-json\/wp\/v2\/posts"}],"about":[{"href":"https:\/\/noticiasveracruz.com\/index.php\/wp-json\/wp\/v2\/types\/post"}],"author":[{"embeddable":true,"href":"https:\/\/noticiasveracruz.com\/index.php\/wp-json\/wp\/v2\/users\/4"}],"replies":[{"embeddable":true,"href":"https:\/\/noticiasveracruz.com\/index.php\/wp-json\/wp\/v2\/comments?post=51051"}],"version-history":[{"count":0,"href":"https:\/\/noticiasveracruz.com\/index.php\/wp-json\/wp\/v2\/posts\/51051\/revisions"}],"wp:featuredmedia":[{"embeddable":true,"href":"https:\/\/noticiasveracruz.com\/index.php\/wp-json\/wp\/v2\/media\/51052"}],"wp:attachment":[{"href":"https:\/\/noticiasveracruz.com\/index.php\/wp-json\/wp\/v2\/media?parent=51051"}],"wp:term":[{"taxonomy":"category","embeddable":true,"href":"https:\/\/noticiasveracruz.com\/index.php\/wp-json\/wp\/v2\/categories?post=51051"},{"taxonomy":"post_tag","embeddable":true,"href":"https:\/\/noticiasveracruz.com\/index.php\/wp-json\/wp\/v2\/tags?post=51051"}],"curies":[{"name":"wp","href":"https:\/\/api.w.org\/{rel}","templated":true}]}}