{"id":51048,"date":"2025-02-25T00:02:25","date_gmt":"2025-02-25T06:02:25","guid":{"rendered":"https:\/\/noticiasveracruz.com\/?p=51048"},"modified":"2025-02-24T21:07:06","modified_gmt":"2025-02-25T03:07:06","slug":"vencera-beneficio-derecho-vehicular","status":"publish","type":"post","link":"https:\/\/noticiasveracruz.com\/index.php\/2025\/02\/25\/vencera-beneficio-derecho-vehicular\/","title":{"rendered":"Vencer\u00e1 beneficio derecho vehicular"},"content":{"rendered":"<p>\u00daltimos d\u00edas para aprovechar el 8 por ciento de descuento en el pago de derechos de control vehicular y evitar el cobro de recargos y actualizaciones; el plazo vence el pr\u00f3ximo viernes, inform\u00f3 la Secretar\u00eda de Finanzas y Planeaci\u00f3n.<\/p>\n<p>El costo para autom\u00f3viles es de mil 154 pesos, mientras que para motocicletas y remolques es de 648. A partir de marzo, se elimina el porcentaje de descuento.<\/p>\n<p>Cabe recordar que la verificaci\u00f3n vehicular ya tiene car\u00e1cter obligatorio, para este a\u00f1o tiene un costo de 476 pesos y se requiere estar al corriente con los engomados para acceder al descuento del 8 por ciento.<\/p>\n<p>Puede consultarse el adeudo del veh\u00edculo en la p\u00e1gina www.ovh.gob.mx, es necesario contar con el n\u00famero de placa y los cinco \u00faltimos d\u00edgitos de la serie.<\/p>\n<p>Para realizar el pago en l\u00ednea se recomienda a los contribuyentes verificar que la p\u00e1gina sea la oficial del Gobierno de Veracruz con terminaci\u00f3n.gob.mx; ah\u00ed encontrar\u00e1n las instituciones bancarias y tiendas de conveniencia autorizadas para el cobro de impuestos estatales.<\/p>\n<p>Para m\u00e1s informaci\u00f3n, pueden consultar tambi\u00e9n las redes sociales oficiales Facebook: MiHaciendaVeracruz, X: @SEFIPLANVer_, o en la l\u00ednea telef\u00f3nica 800 260 24 00, de 08:00 a 18:00 horas.<\/p>\n","protected":false},"excerpt":{"rendered":"<p>\u00daltimos d\u00edas para aprovechar el 8 por ciento de descuento en el pago de derechos de control vehicular y evitar<\/p>\n","protected":false},"author":4,"featured_media":51049,"comment_status":"closed","ping_status":"closed","sticky":false,"template":"","format":"standard","meta":{"colormag_page_container_layout":"default_layout","colormag_page_sidebar_layout":"default_layout","_jetpack_memberships_contains_paid_content":false,"footnotes":"","jetpack_publicize_message":"","jetpack_publicize_feature_enabled":true,"jetpack_social_post_already_shared":true,"jetpack_social_options":{"image_generator_settings":{"template":"highway","default_image_id":0,"font":"","enabled":false},"version":2}},"categories":[356],"tags":[],"class_list":["post-51048","post","type-post","status-publish","format-standard","has-post-thumbnail","hentry","category-veracruz"],"jetpack_publicize_connections":[],"jetpack_featured_media_url":"https:\/\/noticiasveracruz.com\/wp-content\/uploads\/2025\/02\/9c-11.jpg","jetpack_sharing_enabled":true,"publishpress_future_action":{"enabled":false,"date":"2026-05-10 03:44:09","action":"change-status","newStatus":"draft","terms":[],"taxonomy":"category","extraData":[]},"publishpress_future_workflow_manual_trigger":{"enabledWorkflows":[]},"_links":{"self":[{"href":"https:\/\/noticiasveracruz.com\/index.php\/wp-json\/wp\/v2\/posts\/51048","targetHints":{"allow":["GET"]}}],"collection":[{"href":"https:\/\/noticiasveracruz.com\/index.php\/wp-json\/wp\/v2\/posts"}],"about":[{"href":"https:\/\/noticiasveracruz.com\/index.php\/wp-json\/wp\/v2\/types\/post"}],"author":[{"embeddable":true,"href":"https:\/\/noticiasveracruz.com\/index.php\/wp-json\/wp\/v2\/users\/4"}],"replies":[{"embeddable":true,"href":"https:\/\/noticiasveracruz.com\/index.php\/wp-json\/wp\/v2\/comments?post=51048"}],"version-history":[{"count":0,"href":"https:\/\/noticiasveracruz.com\/index.php\/wp-json\/wp\/v2\/posts\/51048\/revisions"}],"wp:featuredmedia":[{"embeddable":true,"href":"https:\/\/noticiasveracruz.com\/index.php\/wp-json\/wp\/v2\/media\/51049"}],"wp:attachment":[{"href":"https:\/\/noticiasveracruz.com\/index.php\/wp-json\/wp\/v2\/media?parent=51048"}],"wp:term":[{"taxonomy":"category","embeddable":true,"href":"https:\/\/noticiasveracruz.com\/index.php\/wp-json\/wp\/v2\/categories?post=51048"},{"taxonomy":"post_tag","embeddable":true,"href":"https:\/\/noticiasveracruz.com\/index.php\/wp-json\/wp\/v2\/tags?post=51048"}],"curies":[{"name":"wp","href":"https:\/\/api.w.org\/{rel}","templated":true}]}}