{"id":51043,"date":"2025-02-24T20:52:37","date_gmt":"2025-02-25T02:52:37","guid":{"rendered":"https:\/\/noticiasveracruz.com\/?p=51043"},"modified":"2025-02-24T20:52:37","modified_gmt":"2025-02-25T02:52:37","slug":"el-ubicatex-de-cazarin-a-huerta","status":"publish","type":"post","link":"https:\/\/noticiasveracruz.com\/index.php\/2025\/02\/24\/el-ubicatex-de-cazarin-a-huerta\/","title":{"rendered":"El \u201cubicatex\u201d de Cazar\u00edn a Huerta"},"content":{"rendered":"<p><em>\u201cTarde o temprano los seres humanos ser\u00e1n juzgados, no por el color de su piel, sino por el color de su conciencia.\u201d \u2013 Martin Luther King.<\/em><\/p>\n<p>Vaya dosis de \u201cubicatex\u201d la que dio el delegado del Bienestar en Veracruz, Juan Javier G\u00f3mez Cazar\u00edn a su antecesor el hoy senador Manuel Huerta Ladr\u00f3n de Guevara, quien aparenta hacer c\u00f3mo que dijo, pero ya no dijo nada en contra de los miembros del clan Yunista.\u00a0<a href=\"https:\/\/www.facebook.com\/100052958912917\/videos\/2559836804210390\">https:\/\/www.facebook.com\/100052958912917\/videos\/2559836804210390<\/a><\/p>\n<p>Pareciera que ahora intereses de corte personal lo hacen padecer una especie de demencia senil mezclada con el mal alem\u00e1n denominado Alzheimer.<\/p>\n<p>Pero claro que no Don Manuel, claro que no, imposible borrar las afrentas, en contra del fundador del movimiento el presidente Andr\u00e9s Manuel L\u00f3pez Obrador, mucho menos las ofensas contra la actual gobernadora Roc\u00edo Nahle Garc\u00eda.<\/p>\n<p>Para que no se olvide, la molestia fue tal que la diferencia entre la primera f\u00f3rmula senatorial y la primera minor\u00eda que encabezan sus hoy aliados y casi hermanos los Yunes fue de m\u00e1s de un mill\u00f3n de votos.<\/p>\n<p>Fue tal la molestia generada por sus recientes declaraciones casi santiguadoras que Cazar\u00edn se le fue a la yugular record\u00e1ndole que \u00e9l fue el responsable de pretender dividir el movimiento desde dentro.<\/p>\n<p>A nadie se le olvida que puso en riesgo la candidatura de la propia Ingeniera Nahle, a sabiendas de que era el proyecto del entonces presidente Andr\u00e9s Manuel L\u00f3pez Obrador.<\/p>\n<p>Cazar\u00edn le record\u00f3, cuando realiz\u00f3 la intentona de generarle la divisi\u00f3n de la fracci\u00f3n parlamentaria de Morena en el Congreso Local en su intentona de erigirse como el \u00fanico custodio de la 4T, nada m\u00e1s falso, pues con su reciente carpeta blanca donde ahora pretende emitir un perd\u00f3n casi casi como si \u00e9l fuera la conciencia colectiva del movimiento transformador, deja a la suspicacia \u00bfel porqu\u00e9 de su actuar?<\/p>\n<p>La encuerada que G\u00f3mez Cazar\u00edn le recet\u00f3 al denominado Lord Fentanilo como los mismos miembros del clan le denominan, es la evidencia de ese doble discurso manejado por el a\u00fan senador morenista, que ha sido la raz\u00f3n por la cual muchos de los que en un principio le acompa\u00f1aron como equipo se alejar\u00e1n, el caso m\u00e1s evidente es el de la misma Rosa Mar\u00eda Hern\u00e1ndez Espejo.<\/p>\n<p>No senador -le dijo G\u00f3mez Cazar\u00edn- no pretendas hacer lo que siempre haces dividir a conveniencia, hoy solo hay una Gobernadora y se llama Roc\u00edo Nahle Garc\u00eda, una sola presidenta y se llama Claudia Sheinbauam Pardo y es a ella a quien se deben todos los senadores de la Rep\u00fablica.<\/p>\n<p>No Manuel, los Yunes no son ni ser\u00e1n tus amigos, a lo mucho ser\u00e1s su empleado, y por si no lo recuerdas, basta con mirar el trato que le dieron a Tito Delf\u00edn Cano, o Jorge Winkler a\u00fan preso.<\/p>\n<p>O el caso de Rogelio Franco al que literalmente entregaron a las fauces del entonces atroz y nefasto secretario de Gobierno, Eric Patrocinio Cisneros Burgos, quien ten\u00eda la instrucci\u00f3n clara de quitarle del camino al m\u00e1s fuerte rival a la aspiraci\u00f3n gubernamental del hoy senador de minor\u00eda en el 2030.<\/p>\n<p>Desaparecido el PRD y sin Franco Cast\u00e1n en circulaci\u00f3n el camino para el heredero del clan estaba libre, solo que se les olvid\u00f3 que el pueblo s\u00ed tiene memoria y no perdona las enga\u00f1adas que ellos mismos le han dado, gest\u00e1ndose as\u00ed el camino para s\u00ed mismos.<\/p>\n<p>No senador, mejor conc\u00e9ntrese en no mentir, no robar y no enga\u00f1ar al pueblo de M\u00e9xico, porque afirma el mismo Cazar\u00edn que en esas materias usted parece no acreditar el examen de conciencia, del que tanto presume y que por cierto el tribunal social no lo acreditar\u00e1.<\/p>\n<p>Al tiempo.<\/p>\n<p><img loading=\"lazy\" decoding=\"async\" class=\"alignnone wp-image-50995 size-full\" src=\"http:\/\/noticiasveracruz.com\/wp-content\/uploads\/2025\/02\/FIRMA-EDITORIAL-PD-6.jpg\" alt=\"\" width=\"1024\" height=\"125\" srcset=\"https:\/\/noticiasveracruz.com\/wp-content\/uploads\/2025\/02\/FIRMA-EDITORIAL-PD-6.jpg 1024w, https:\/\/noticiasveracruz.com\/wp-content\/uploads\/2025\/02\/FIRMA-EDITORIAL-PD-6-300x37.jpg 300w, https:\/\/noticiasveracruz.com\/wp-content\/uploads\/2025\/02\/FIRMA-EDITORIAL-PD-6-768x94.jpg 768w\" sizes=\"auto, (max-width: 1024px) 100vw, 1024px\" \/><\/p>\n","protected":false},"excerpt":{"rendered":"<p>\u201cTarde o temprano los seres humanos ser\u00e1n juzgados, no por el color de su piel, sino por el color de<\/p>\n","protected":false},"author":4,"featured_media":30989,"comment_status":"closed","ping_status":"closed","sticky":false,"template":"","format":"standard","meta":{"colormag_page_container_layout":"default_layout","colormag_page_sidebar_layout":"default_layout","_jetpack_memberships_contains_paid_content":false,"footnotes":"","jetpack_publicize_message":"","jetpack_publicize_feature_enabled":true,"jetpack_social_post_already_shared":true,"jetpack_social_options":{"image_generator_settings":{"template":"highway","default_image_id":0,"font":"","enabled":false},"version":2}},"categories":[6],"tags":[],"class_list":["post-51043","post","type-post","status-publish","format-standard","has-post-thumbnail","hentry","category-columnistas"],"jetpack_publicize_connections":[],"jetpack_featured_media_url":"https:\/\/noticiasveracruz.com\/wp-content\/uploads\/2024\/05\/LUIS-RAMIREZ-BAQUEIRO-800x445-1.png","jetpack_sharing_enabled":true,"publishpress_future_action":{"enabled":false,"date":"2026-05-08 05:02:49","action":"change-status","newStatus":"draft","terms":[],"taxonomy":"category","extraData":[]},"publishpress_future_workflow_manual_trigger":{"enabledWorkflows":[]},"_links":{"self":[{"href":"https:\/\/noticiasveracruz.com\/index.php\/wp-json\/wp\/v2\/posts\/51043","targetHints":{"allow":["GET"]}}],"collection":[{"href":"https:\/\/noticiasveracruz.com\/index.php\/wp-json\/wp\/v2\/posts"}],"about":[{"href":"https:\/\/noticiasveracruz.com\/index.php\/wp-json\/wp\/v2\/types\/post"}],"author":[{"embeddable":true,"href":"https:\/\/noticiasveracruz.com\/index.php\/wp-json\/wp\/v2\/users\/4"}],"replies":[{"embeddable":true,"href":"https:\/\/noticiasveracruz.com\/index.php\/wp-json\/wp\/v2\/comments?post=51043"}],"version-history":[{"count":0,"href":"https:\/\/noticiasveracruz.com\/index.php\/wp-json\/wp\/v2\/posts\/51043\/revisions"}],"wp:featuredmedia":[{"embeddable":true,"href":"https:\/\/noticiasveracruz.com\/index.php\/wp-json\/wp\/v2\/media\/30989"}],"wp:attachment":[{"href":"https:\/\/noticiasveracruz.com\/index.php\/wp-json\/wp\/v2\/media?parent=51043"}],"wp:term":[{"taxonomy":"category","embeddable":true,"href":"https:\/\/noticiasveracruz.com\/index.php\/wp-json\/wp\/v2\/categories?post=51043"},{"taxonomy":"post_tag","embeddable":true,"href":"https:\/\/noticiasveracruz.com\/index.php\/wp-json\/wp\/v2\/tags?post=51043"}],"curies":[{"name":"wp","href":"https:\/\/api.w.org\/{rel}","templated":true}]}}