{"id":50994,"date":"2025-02-24T00:21:54","date_gmt":"2025-02-24T06:21:54","guid":{"rendered":"https:\/\/noticiasveracruz.com\/?p=50994"},"modified":"2025-02-23T23:46:09","modified_gmt":"2025-02-24T05:46:09","slug":"trump-compromete-datos-sensibles-para-mexico","status":"publish","type":"post","link":"https:\/\/noticiasveracruz.com\/index.php\/2025\/02\/24\/trump-compromete-datos-sensibles-para-mexico\/","title":{"rendered":"Trump compromete datos sensibles para M\u00e9xico"},"content":{"rendered":"<p>El reto no es la invasi\u00f3n.<\/p>\n<p>Bajo los t\u00e9rminos de los acuerdos bilaterales, dif\u00edcilmente\u00a0<strong>Donald Trump\u00a0<\/strong>ordenar\u00eda una operaci\u00f3n de fuerzas estadounidenses en territorio mexicano.<\/p>\n<p>El riesgo es otro.<\/p>\n<p>Una vez declarados los\u00a0<em>c\u00e1rteles\u00a0<\/em>como\u00a0<em><strong>organizaciones terroristas<\/strong><\/em>, el gobierno de\u00a0<strong>Claudia Sheinbaum<\/strong>\u00a0ser\u00e1 forzado a entregar informaci\u00f3n muy sensible.<\/p>\n<p>De entrada, archivos oficiales sobre sus propias investigaciones, lo cual incluir\u00eda nombres y los antecedentes de cada uno de sus respectivas cabecillas.<\/p>\n<p>Ah\u00ed encajan muchas dependencias, desde las encargadas de la gobernabilidad interna, seguridad p\u00fablica, inteligencia financiera y datos fiscales.<\/p>\n<p>Esta radiograf\u00eda es algo no hecho hasta ahora, me dice un agente de Estados Unidos relacionado con procesos similares en otros pa\u00edses y en M\u00e9xico con investigaciones y extradiciones.<\/p>\n<p>No ha habido condicionamiento igual, agrega el experto, a pesar de la estrecha colaboraci\u00f3n bilateral y operativos conjuntos por lo menos desde hace cinco sexenios.<\/p>\n<p><strong>CAPITALES, DETENCIONES\u2026<\/strong><\/p>\n<p>-\u00bfCu\u00e1l es el objetivo real de\u00a0<strong>Donald Trump<\/strong>?<\/p>\n<p>-El dinero, propiedades de esos grupos, am\u00e9n de fortalecer la seguridad.<\/p>\n<p>A partir de ahora las agencias estadounidenses podr\u00e1n intervenir cuentas bancarias, aprehender y cortar suministros no nada m\u00e1s de quienes comercian con ellos armas y narc\u00f3ticos, sino tambi\u00e9n quienes operan con sus empresas fachada.<\/p>\n<p>\u00c9l coincide con\u00a0<strong>Claudia Sheinbaum<\/strong>: desde hace tiempo se realizan vuelos de reconocimiento y vigilancia en el espacio a\u00e9reo y mares patrimoniales.<\/p>\n<p>Eso no suced\u00eda, le digo, en el siglo pasado.<\/p>\n<p>Y le recuerdo cuando\u00a0<strong>Miguel de la Madrid<\/strong>\u00a0rechaz\u00f3 la petici\u00f3n del gobierno de\u00a0<strong>Ronald Reagan<\/strong>\u00a0de permitir el ingreso de aviones si persegu\u00edan narcotraficantes.<\/p>\n<p>La colaboraci\u00f3n se da de manera muy amplia.<\/p>\n<p>Las agencias investigan, informan a las autoridades mexicanas y el \u00fanico prurito es respetar los operativos por los cuerpos de seguridad nacionales.<\/p>\n<p>-Pero nosotros guiamos, supervisamos y as\u00ed seguiremos\u2026 Dudo que hagamos operativos directos m\u00e1s all\u00e1 de ubicar laboratorios y lugares donde se esconden los criminales.<\/p>\n<p><strong>EL LARGO PACTO DEL SNTE<\/strong><\/p>\n<p>Muchos pasos ha dado el sindicalismo magisterial en siete a\u00f1os.<\/p>\n<p>En 2018 el dirigente\u00a0<strong>Alfonso Cepeda Salas\u00a0<\/strong>sell\u00f3 un acuerdo pol\u00edtico electoral con el entonces candidato presidencial morenista.<\/p>\n<p>A continuaci\u00f3n agrup\u00f3 a las distintas expresiones del Sindicato Nacional de Trabajadores de la Educaci\u00f3n -la CNTE no es la \u00fanica disidencia- a fin de garantizar la atenci\u00f3n escolar.<\/p>\n<p>Pacificado el gremio, empezaron las negociaciones y la conquista mayor sin duda ha sido la basificaci\u00f3n de casi un mill\u00f3n de maestros y empleados administrativos, con incrementos salariales superiores a la inflaci\u00f3n.<\/p>\n<p>Luego\u00a0<strong>Cepeda Salas\u00a0<\/strong>oper\u00f3 al lado de\u00a0<strong>Claudia Sheinbaum<\/strong>\u00a0y con su apoyo le fue asignado un esca\u00f1o al Senado de la Rep\u00fablica, desde donde impulsa pensiones iguales para bur\u00f3cratas y trabajadores del Apartado A del Art\u00edculo 123 constitucional.<\/p>\n<p>En ese contexto pol\u00edtico ha sellado una alianza duradera para todo el sexenio con un objetivo inmediato: contener la reforma a la Ley del ISSSTE, en cuyo proyecto se trata de cobrar m\u00e1s a los empleados p\u00fablicos y, obvio, los maestros.<\/p>\n<p>Podemos dar un adelanto: ese proyecto no pasar\u00e1 en los t\u00e9rminos planteados y no subir\u00e1n las cuotas al personal.<\/p>\n<p><img loading=\"lazy\" decoding=\"async\" class=\"alignnone wp-image-50995 size-full\" src=\"http:\/\/noticiasveracruz.com\/wp-content\/uploads\/2025\/02\/FIRMA-EDITORIAL-PD-6.jpg\" alt=\"\" width=\"1024\" height=\"125\" srcset=\"https:\/\/noticiasveracruz.com\/wp-content\/uploads\/2025\/02\/FIRMA-EDITORIAL-PD-6.jpg 1024w, https:\/\/noticiasveracruz.com\/wp-content\/uploads\/2025\/02\/FIRMA-EDITORIAL-PD-6-300x37.jpg 300w, https:\/\/noticiasveracruz.com\/wp-content\/uploads\/2025\/02\/FIRMA-EDITORIAL-PD-6-768x94.jpg 768w\" sizes=\"auto, (max-width: 1024px) 100vw, 1024px\" \/><\/p>\n","protected":false},"excerpt":{"rendered":"<p>El reto no es la invasi\u00f3n. Bajo los t\u00e9rminos de los acuerdos bilaterales, dif\u00edcilmente\u00a0Donald Trump\u00a0ordenar\u00eda una operaci\u00f3n de fuerzas estadounidenses<\/p>\n","protected":false},"author":4,"featured_media":28549,"comment_status":"closed","ping_status":"closed","sticky":false,"template":"","format":"standard","meta":{"colormag_page_container_layout":"default_layout","colormag_page_sidebar_layout":"default_layout","_jetpack_memberships_contains_paid_content":false,"footnotes":"","jetpack_publicize_message":"","jetpack_publicize_feature_enabled":true,"jetpack_social_post_already_shared":true,"jetpack_social_options":{"image_generator_settings":{"template":"highway","default_image_id":0,"font":"","enabled":false},"version":2}},"categories":[6],"tags":[],"class_list":["post-50994","post","type-post","status-publish","format-standard","has-post-thumbnail","hentry","category-columnistas"],"jetpack_publicize_connections":[],"jetpack_featured_media_url":"https:\/\/noticiasveracruz.com\/wp-content\/uploads\/2024\/04\/BANNER-JOSE-URENA-NV.jpg","jetpack_sharing_enabled":true,"publishpress_future_action":{"enabled":false,"date":"2026-05-10 10:50:46","action":"change-status","newStatus":"draft","terms":[],"taxonomy":"category","extraData":[]},"publishpress_future_workflow_manual_trigger":{"enabledWorkflows":[]},"_links":{"self":[{"href":"https:\/\/noticiasveracruz.com\/index.php\/wp-json\/wp\/v2\/posts\/50994","targetHints":{"allow":["GET"]}}],"collection":[{"href":"https:\/\/noticiasveracruz.com\/index.php\/wp-json\/wp\/v2\/posts"}],"about":[{"href":"https:\/\/noticiasveracruz.com\/index.php\/wp-json\/wp\/v2\/types\/post"}],"author":[{"embeddable":true,"href":"https:\/\/noticiasveracruz.com\/index.php\/wp-json\/wp\/v2\/users\/4"}],"replies":[{"embeddable":true,"href":"https:\/\/noticiasveracruz.com\/index.php\/wp-json\/wp\/v2\/comments?post=50994"}],"version-history":[{"count":0,"href":"https:\/\/noticiasveracruz.com\/index.php\/wp-json\/wp\/v2\/posts\/50994\/revisions"}],"wp:featuredmedia":[{"embeddable":true,"href":"https:\/\/noticiasveracruz.com\/index.php\/wp-json\/wp\/v2\/media\/28549"}],"wp:attachment":[{"href":"https:\/\/noticiasveracruz.com\/index.php\/wp-json\/wp\/v2\/media?parent=50994"}],"wp:term":[{"taxonomy":"category","embeddable":true,"href":"https:\/\/noticiasveracruz.com\/index.php\/wp-json\/wp\/v2\/categories?post=50994"},{"taxonomy":"post_tag","embeddable":true,"href":"https:\/\/noticiasveracruz.com\/index.php\/wp-json\/wp\/v2\/tags?post=50994"}],"curies":[{"name":"wp","href":"https:\/\/api.w.org\/{rel}","templated":true}]}}