{"id":50988,"date":"2025-02-24T00:19:01","date_gmt":"2025-02-24T06:19:01","guid":{"rendered":"https:\/\/noticiasveracruz.com\/?p=50988"},"modified":"2025-02-23T23:21:46","modified_gmt":"2025-02-24T05:21:46","slug":"gana-friedrich-merz-elecciones-nacionales-en-alemania","status":"publish","type":"post","link":"https:\/\/noticiasveracruz.com\/index.php\/2025\/02\/24\/gana-friedrich-merz-elecciones-nacionales-en-alemania\/","title":{"rendered":"Gana Friedrich Merz elecciones nacionales en Alemania"},"content":{"rendered":"<p>Friedrich Merz, jefe de los conservadores que encabezan las elecciones legislativas en Alemania el domingo, dijo que quiere formar un gobierno \u00ablo m\u00e1s pronto posible\u00bb para actuar frente a los desaf\u00edos internacionales del momento<\/p>\n<p>\u00abEl mundo exterior no espera tampoco largas negociaciones de coalici\u00f3n (&#8230;). Debemos ser operativos para hacer lo necesario en el plano interior, para volver a estar presentes en Europa\u00bb, afirm\u00f3.<\/p>\n<p>Los conservadores de Friedrich Merz ganaron el domingo las elecciones legislativas en Alemania, delante del partido de extrema derecha AfD, que realiza el mejor resultado de su historia, seg\u00fan sondeos a boca de urna de las cadenas de televisi\u00f3n p\u00fablicas.<\/p>\n<p>Los conservadores de los partidos CDU\/CSU obtienen 28,5% y 29%, seg\u00fan los sondeos difundidos por las televisiones p\u00fablicas ARD y ZDF.<\/p>\n<p>Alternativa para Alemania (AfD) obtiene 19,5% y 20%, resultado in\u00e9dito para un partido de extrema derecha en una elecci\u00f3n federal en la posguerra.<\/p>\n<p>Friedrich Merz, un abogado de 69 a\u00f1os que tiene todas las posibilidades de reemplazar al social-dem\u00f3crata Olaf Scholz como canciller, descart\u00f3 cualquier alianza gubernamental con AfD y declar\u00f3 que quer\u00eda que se pueda formar gobierno \u00ablo m\u00e1s pronto posible\u00bb para hacer frente a los desafios internacionales.<\/p>\n<p>Conseguimos un resultado hist\u00f3rico\u00bb, declar\u00f3 Alice Weidel ante los simpatizantes de AfD en Berl\u00edn, y asegur\u00f3 que el partido antiinmigraci\u00f3n est\u00e1 ahora \u00abfirmemente anclado\u00bb en el panorama pol\u00edtico alem\u00e1n.<\/p>\n<p>La campa\u00f1a electoral estuvo sacudida por el regreso de Donald Trump al poder en Estados Unidos y el auge de la extrema derecha.<\/p>\n<p>Alemania afronta desaf\u00edos que sacuden su modelo de prosperidad e inquietan a la poblaci\u00f3n.<\/p>\n<p>\u00abEstamos atravesando un per\u00edodo muy incierto\u00bb, se\u00f1al\u00f3 Daniel Hofmann, un urbanista de 62 a\u00f1os, a la salida de un colegio electoral en Berl\u00edn.<\/p>\n<p>El pa\u00eds necesita \u00abun cambio, una transformaci\u00f3n\u00bb, declar\u00f3 Hofmann, que afirm\u00f3 estar preocupado por la \u00abseguridad europea\u00bb en el contexto de la guerra en Ucrania.<\/p>\n<p>El pr\u00f3ximo gobierno se enfrentar\u00e1 a la recesi\u00f3n econ\u00f3mica, las amenazas de una guerra comercial con Washington, as\u00ed como la puesta en duda del \u00abparaguas\u00bb estadounidense sobre el que contaba Alemania para garantizar su seguridad.<\/p>\n<p>\u00abEnv\u00eden una se\u00f1al a favor de un cambio pol\u00edtico urgente y necesario\u00bb, hab\u00eda escrito en X Merz.<\/p>\n<p>A las 14H00 (13H00 GMT), la tasa de participaci\u00f3n nacional era del 52%, mucho mayor a las de los anteriores comicios.<\/p>\n<p>M\u00e1s de 59 millones de alemanes fueron llamados a votar hasta las 17H00 GMT.<\/p>\n<p><strong>Clima tenso<\/strong><\/p>\n<p>Para Reinhardt Schumacher, que acudi\u00f3 a votar en Duisburgo, en el oeste industrial de Alemania, el ascenso de AfD \u00abes una se\u00f1al de alarma. Algo tiene que cambiar\u00bb.<\/p>\n<p>Este jubilado de 64 a\u00f1os se niega a votar por este partido \u00abdemasiado radical\u00bb, pero se\u00f1al\u00f3 que no hay que \u00abignorar\u00bb las motivaciones de sus votantes.<\/p>\n<p>La formaci\u00f3n antiinmigraci\u00f3n y prorrusa impuso sus temas durante la campa\u00f1a, que se desarroll\u00f3 en un clima tenso, pautado por varios ataques mortales llevados a cabo en las \u00faltimas semanas por extranjeros en el pa\u00eds.<\/p>\n<p>El \u00faltimo se produjo el viernes. Un joven refugiado sirio es sospechoso de herir gravemente a un espa\u00f1ol en el Memorial del Holocausto en Berl\u00edn. Seg\u00fan las autoridades, quer\u00eda \u00abmatar jud\u00edos\u00bb.<\/p>\n<p>Tambi\u00e9n influyeron en la campa\u00f1as los decretos y declaraciones del presidente estadounidense Donald Trump y la injerencia de su entorno a favor de la extrema derecha.<\/p>\n<p>El vicepresidente estadounidense JD Vance y el multimillonario Elon Musk, asesor de Trump, apoyaron a AfD, aumentando la visibilidad del partido de extrema derecha.<\/p>\n<p>\u00ab\u00a1AfD!\u00bb, volvi\u00f3 a publicar Musk el s\u00e1bado por la noche, en un mensaje acompa\u00f1ado de banderas alemanas.<\/p>\n<p>Las elecciones anticipadas se celebraron adem\u00e1s en la v\u00edspera del tercer aniversario de la invasi\u00f3n rusa de Ucrania, vivida como una conmoci\u00f3n en Alemania.<\/p>\n<p>El conflicto puso fin al suministro de gas ruso y el pa\u00eds acogi\u00f3 a m\u00e1s de un mill\u00f3n de ucranianos. La perspectiva de una paz acordada entre Estados Unidos y Rusia \u00aba espaldas\u00bb de Ucrania y de los europeos es otra de las preocupaciones.<\/p>\n","protected":false},"excerpt":{"rendered":"<p>Friedrich Merz, jefe de los conservadores que encabezan las elecciones legislativas en Alemania el domingo, dijo que quiere formar un<\/p>\n","protected":false},"author":4,"featured_media":50989,"comment_status":"closed","ping_status":"closed","sticky":false,"template":"","format":"standard","meta":{"colormag_page_container_layout":"default_layout","colormag_page_sidebar_layout":"default_layout","_jetpack_memberships_contains_paid_content":false,"footnotes":"","jetpack_publicize_message":"","jetpack_publicize_feature_enabled":true,"jetpack_social_post_already_shared":true,"jetpack_social_options":{"image_generator_settings":{"template":"highway","default_image_id":0,"font":"","enabled":false},"version":2}},"categories":[355],"tags":[],"class_list":["post-50988","post","type-post","status-publish","format-standard","has-post-thumbnail","hentry","category-internacional"],"jetpack_publicize_connections":[],"jetpack_featured_media_url":"https:\/\/noticiasveracruz.com\/wp-content\/uploads\/2025\/02\/El-bloque-conservador-CDU_CSU20Merz.jpeg","jetpack_sharing_enabled":true,"publishpress_future_action":{"enabled":false,"date":"2026-05-10 09:42:47","action":"change-status","newStatus":"draft","terms":[],"taxonomy":"category","extraData":[]},"publishpress_future_workflow_manual_trigger":{"enabledWorkflows":[]},"_links":{"self":[{"href":"https:\/\/noticiasveracruz.com\/index.php\/wp-json\/wp\/v2\/posts\/50988","targetHints":{"allow":["GET"]}}],"collection":[{"href":"https:\/\/noticiasveracruz.com\/index.php\/wp-json\/wp\/v2\/posts"}],"about":[{"href":"https:\/\/noticiasveracruz.com\/index.php\/wp-json\/wp\/v2\/types\/post"}],"author":[{"embeddable":true,"href":"https:\/\/noticiasveracruz.com\/index.php\/wp-json\/wp\/v2\/users\/4"}],"replies":[{"embeddable":true,"href":"https:\/\/noticiasveracruz.com\/index.php\/wp-json\/wp\/v2\/comments?post=50988"}],"version-history":[{"count":0,"href":"https:\/\/noticiasveracruz.com\/index.php\/wp-json\/wp\/v2\/posts\/50988\/revisions"}],"wp:featuredmedia":[{"embeddable":true,"href":"https:\/\/noticiasveracruz.com\/index.php\/wp-json\/wp\/v2\/media\/50989"}],"wp:attachment":[{"href":"https:\/\/noticiasveracruz.com\/index.php\/wp-json\/wp\/v2\/media?parent=50988"}],"wp:term":[{"taxonomy":"category","embeddable":true,"href":"https:\/\/noticiasveracruz.com\/index.php\/wp-json\/wp\/v2\/categories?post=50988"},{"taxonomy":"post_tag","embeddable":true,"href":"https:\/\/noticiasveracruz.com\/index.php\/wp-json\/wp\/v2\/tags?post=50988"}],"curies":[{"name":"wp","href":"https:\/\/api.w.org\/{rel}","templated":true}]}}