{"id":50976,"date":"2025-02-24T00:15:20","date_gmt":"2025-02-24T06:15:20","guid":{"rendered":"https:\/\/noticiasveracruz.com\/?p=50976"},"modified":"2025-02-23T23:14:03","modified_gmt":"2025-02-24T05:14:03","slug":"incertidumbre-por-aranceles-frena-inversiones-en-nuevo-laredo-alerta-coparmex","status":"publish","type":"post","link":"https:\/\/noticiasveracruz.com\/index.php\/2025\/02\/24\/incertidumbre-por-aranceles-frena-inversiones-en-nuevo-laredo-alerta-coparmex\/","title":{"rendered":"Incertidumbre por aranceles frena inversiones en Nuevo Laredo, alerta Coparmex"},"content":{"rendered":"<p>La Confederaci\u00f3n Patronal de la Rep\u00fablica Mexicana (Coparmex) en Nuevo Laredo ha confirmado que las nuevas inversiones en la ciudad est\u00e1n detenidas debido a la<\/p>\n<p>incertidumbre generada por la posible imposici\u00f3n de aranceles por parte de Estados Unidos a productos mexicanos. La presidenta de la Coparmex local, Erika Talamas, se\u00f1al\u00f3 que esta amenaza ha hecho que varios inversionistas reconsideren la idea de relocalizar sus empresas en la regi\u00f3n.<\/p>\n<p>A pesar de que las medidas a\u00fan no se han implementado, la posible imposici\u00f3n de aranceles ha creado un ambiente de desconfianza en los negocios. Talamas destac\u00f3 que la preocupaci\u00f3n es generalizada entre el sector empresarial, ya que estos aranceles podr\u00edan tener efectos adversos en la econom\u00eda local, estatal y nacional.<\/p>\n<p>La l\u00edder empresarial enfatiz\u00f3 que, aunque existen herramientas para enfrentar situaciones de este tipo, la falta de certidumbre ha impedido la concreci\u00f3n de proyectos de inversi\u00f3n que estaban por materializarse en la frontera. \u201cLa incertidumbre est\u00e1 frenando lo que podr\u00eda ser una gran oportunidad de crecimiento para la ciudad\u201d, indic\u00f3 Talamas.<\/p>\n<p>Adem\u00e1s, la presidenta de Coparmex expres\u00f3 su preocupaci\u00f3n por el impacto negativo que podr\u00eda tener esta situaci\u00f3n en el empleo. Ante ello, hizo un llamado a las empresas ya establecidas en Nuevo Laredo a no recurrir a despidos como una estrategia para enfrentar las posibles afectaciones econ\u00f3micas derivadas de los aranceles.<\/p>\n<p>La confederaci\u00f3n inst\u00f3 a los empresarios a buscar alternativas para sortear los desaf\u00edos que podr\u00eda traer la implementaci\u00f3n de aranceles, sin que esto signifique un golpe al empleo en la regi\u00f3n. \u201cEs fundamental mantener la estabilidad laboral y seguir trabajando para adaptarnos a los cambios que se presenten\u201d, concluy\u00f3 Talamas.<\/p>\n","protected":false},"excerpt":{"rendered":"<p>La Confederaci\u00f3n Patronal de la Rep\u00fablica Mexicana (Coparmex) en Nuevo Laredo ha confirmado que las nuevas inversiones en la ciudad<\/p>\n","protected":false},"author":4,"featured_media":50977,"comment_status":"closed","ping_status":"closed","sticky":false,"template":"","format":"standard","meta":{"colormag_page_container_layout":"default_layout","colormag_page_sidebar_layout":"default_layout","_jetpack_memberships_contains_paid_content":false,"footnotes":"","jetpack_publicize_message":"","jetpack_publicize_feature_enabled":true,"jetpack_social_post_already_shared":true,"jetpack_social_options":{"image_generator_settings":{"template":"highway","default_image_id":0,"font":"","enabled":false},"version":2}},"categories":[145],"tags":[],"class_list":["post-50976","post","type-post","status-publish","format-standard","has-post-thumbnail","hentry","category-estados"],"jetpack_publicize_connections":[],"jetpack_featured_media_url":"https:\/\/noticiasveracruz.com\/wp-content\/uploads\/2025\/02\/NL-1.jpg","jetpack_sharing_enabled":true,"publishpress_future_action":{"enabled":false,"date":"2026-05-10 06:33:28","action":"change-status","newStatus":"draft","terms":[],"taxonomy":"category","extraData":[]},"publishpress_future_workflow_manual_trigger":{"enabledWorkflows":[]},"_links":{"self":[{"href":"https:\/\/noticiasveracruz.com\/index.php\/wp-json\/wp\/v2\/posts\/50976","targetHints":{"allow":["GET"]}}],"collection":[{"href":"https:\/\/noticiasveracruz.com\/index.php\/wp-json\/wp\/v2\/posts"}],"about":[{"href":"https:\/\/noticiasveracruz.com\/index.php\/wp-json\/wp\/v2\/types\/post"}],"author":[{"embeddable":true,"href":"https:\/\/noticiasveracruz.com\/index.php\/wp-json\/wp\/v2\/users\/4"}],"replies":[{"embeddable":true,"href":"https:\/\/noticiasveracruz.com\/index.php\/wp-json\/wp\/v2\/comments?post=50976"}],"version-history":[{"count":0,"href":"https:\/\/noticiasveracruz.com\/index.php\/wp-json\/wp\/v2\/posts\/50976\/revisions"}],"wp:featuredmedia":[{"embeddable":true,"href":"https:\/\/noticiasveracruz.com\/index.php\/wp-json\/wp\/v2\/media\/50977"}],"wp:attachment":[{"href":"https:\/\/noticiasveracruz.com\/index.php\/wp-json\/wp\/v2\/media?parent=50976"}],"wp:term":[{"taxonomy":"category","embeddable":true,"href":"https:\/\/noticiasveracruz.com\/index.php\/wp-json\/wp\/v2\/categories?post=50976"},{"taxonomy":"post_tag","embeddable":true,"href":"https:\/\/noticiasveracruz.com\/index.php\/wp-json\/wp\/v2\/tags?post=50976"}],"curies":[{"name":"wp","href":"https:\/\/api.w.org\/{rel}","templated":true}]}}