{"id":50973,"date":"2025-02-24T00:14:19","date_gmt":"2025-02-24T06:14:19","guid":{"rendered":"https:\/\/noticiasveracruz.com\/?p=50973"},"modified":"2025-02-23T23:12:01","modified_gmt":"2025-02-24T05:12:01","slug":"arranca-en-sonora-el-programa-nacional-de-vivienda-para-el-bienestar","status":"publish","type":"post","link":"https:\/\/noticiasveracruz.com\/index.php\/2025\/02\/24\/arranca-en-sonora-el-programa-nacional-de-vivienda-para-el-bienestar\/","title":{"rendered":"Arranca en Sonora el Programa Nacional de Vivienda para el Bienestar"},"content":{"rendered":"<p>En un acto que marc\u00f3 el inicio de una nueva etapa en materia de vivienda, Edna Elena Vega Rangel, secretaria de Desarrollo Agrario, Territorial y Urbano (Sedatu), acompa\u00f1ada de Alfonso Durazo Monta\u00f1o, gobernador de Sonora, colocaron en Cajeme, la primera piedra del Programa Nacional de Vivienda para el Bienestar que ha impulsado la presidenta Claudia Sheinbaum Pardo.<\/p>\n<p>El programa, orientado a atender a madres solteras, j\u00f3venes, pueblos originarios y poblaci\u00f3n vulnerable, contempla la entrega de viviendas \u201cllave en mano\u201d con t\u00edtulo de propiedad. Con una inversi\u00f3n que supera los 19 mil millones de pesos, la iniciativa busca garantizar certeza jur\u00eddica a trav\u00e9s de cr\u00e9ditos Fovissste y otros instrumentos de financiamiento.<\/p>\n<p>En Cajeme se han programado 324 viviendas en uno de los 12 predios del plan, de los cuales 11 ya cuentan con la aprobaci\u00f3n de Sedatu. Estos predios, que en conjunto abarcan 105 hect\u00e1reas, son parte de la meta estatal de construir 33 mil 800 viviendas durante el actual sexenio, en un esfuerzo coordinado entre los gobiernos federal, estatal y municipal.<\/p>\n<p>Edna Elena Vega Rangel, secretaria de Desarrollo Agrario, Territorial y Urbano, destac\u00f3 que el nuevo proyecto de vivienda representa un importante avance para las comunidades ind\u00edgenas. Afirm\u00f3 que \u201cla vivienda tambi\u00e9n hace comunidad, hace ciudad, es un derecho que trasciende a otros derechos, como el trabajo y la educaci\u00f3n. Viene una \u00e9poca mejor para la vivienda, hoy se dan las bases y para la presidenta la vivienda es uno de los proyectos prioritarios\u201d.<\/p>\n<p>Asimismo, indic\u00f3 la posibilidad de que la meta de 50 mil viviendas nuevas para la Comisi\u00f3n Nacional de Vivienda se incremente, impulsada por la visi\u00f3n de la m\u00e1xima autoridad. La secretaria tambi\u00e9n inform\u00f3 que se prepara un proceso de regularizaci\u00f3n habitacional, en el que se implementar\u00e1 un programa masivo para la liberaci\u00f3n de hipoteca y la entrega de escrituras por parte de Infonavit, beneficio que se extender\u00e1 a las familias que actualmente cuentan con cr\u00e9ditos de Infonavit o Fovissste.<\/p>\n<p>Por su parte, el gobernador de Sonora, Alfonso Durazo Monta\u00f1o, resalt\u00f3 hoy que el rezago habitacional es una deuda hist\u00f3rica con las y los mexicanos y present\u00f3 el primer avance del Programa Nacional de Vivienda para el Bienestar en el estado. En el primer predio, se han programado 324 viviendas, mientras que de los 12 predios contemplados, 11 \u2013equivalentes a 105 hect\u00e1reas\u2013 ya cuentan con la aprobaci\u00f3n de Sedatu.<\/p>\n<p>\u201cEn sentido literal, este es un d\u00eda hist\u00f3rico para Sonora y no s\u00f3lo para nuestro estado sino para el pa\u00eds, porque el d\u00eda de hoy nos distingue Sedatu como entidad en la que se inicia el Programa Nacional de Vivienda para el Bienestar que contempla la construcci\u00f3n de un mill\u00f3n de viviendas\u201d, afirm\u00f3 el mandatario sonorense.<\/p>\n<p>El plan contempla adem\u00e1s la construcci\u00f3n de unidades espec\u00edficas para j\u00f3venes estudiantes, con 264 viviendas de 60 m\u00b2 y 64 de 46 m\u00b2 programadas en el primer semestre, dentro de un total de cuatro mil 767 viviendas a desplegar en los primeros seis meses del a\u00f1o.<\/p>\n<p>Paralelamente, se impulsar\u00e1n procesos de regularizaci\u00f3n para quienes cuentan con cr\u00e9ditos Infonavit o Fovissste, incluyendo programas para la liberaci\u00f3n de hipoteca y entrega de escrituras.<\/p>\n<p>Jabnely Maldonado, vocal ejecutiva del Fovissste, explic\u00f3 que la iniciativa representa esperanza para m\u00e1s de 30 mil familias en Sonora y marca el comienzo de un programa que beneficiar\u00e1 a 140 mil personas, iniciando con el apoyo a trabajadores, pensionados y jubilados. El plan, que contempla condonaciones, liquidaciones, quitas y pr\u00f3rrogas autom\u00e1ticas, tambi\u00e9n beneficiar\u00e1 a m\u00e1s de 8 mil trabajadores estatales.<\/p>\n<p>Asimismo, Jos\u00e9 Alfonso Iracheta, director general del Instituto Nacional del Suelo Sustentable, se\u00f1al\u00f3 que este programa es \u00fanico en la historia del pa\u00eds, pues en lo que va del a\u00f1o se proyectan dos mil 500 acciones que se suman a seis mil iniciativas ya en marcha desde la administraci\u00f3n actual. El funcionario resalt\u00f3 la meta de regularizar 700 mil lotes a nivel nacional, lo que permitir\u00eda que tres millones de personas sean beneficiadas con un t\u00edtulo de propiedad, y precis\u00f3 que en Sonora se trabajar\u00e1n 30 mil regularizaciones, aprovechando la ventanilla \u00fanica sin costo implementada en la entidad.<\/p>\n<p>Por otra parte, Rodrigo Ch\u00e1vez Contreras, director general de la Comisi\u00f3n Nacional de Vivienda, indic\u00f3 que en febrero se han iniciado obras para la construcci\u00f3n de m\u00e1s de 22 mil viviendas en el pa\u00eds. En Sonora, el proyecto contempla la construcci\u00f3n de 20 mil unidades de Conavi y la adecuaci\u00f3n de 33 mil viviendas a trav\u00e9s del Infonavit, dividiendo el proceso en dos l\u00edneas: una para familias con ingresos menores a dos salarios m\u00ednimos, y otra para j\u00f3venes que estudian o trabajan mediante viviendas en renta.<\/p>\n<p>El gobernador Durazo, asegur\u00f3 que esta ceremonia en Cajeme simboliza el compromiso de las autoridades para enfrentar el rezago habitacional y avanzar hacia la meta de un mill\u00f3n de viviendas en el pa\u00eds, consolidando as\u00ed un esfuerzo integral que busca transformar el acceso a la vivienda en beneficio de miles de familias.<\/p>\n","protected":false},"excerpt":{"rendered":"<p>En un acto que marc\u00f3 el inicio de una nueva etapa en materia de vivienda, Edna Elena Vega Rangel, secretaria<\/p>\n","protected":false},"author":4,"featured_media":50974,"comment_status":"closed","ping_status":"closed","sticky":false,"template":"","format":"standard","meta":{"colormag_page_container_layout":"default_layout","colormag_page_sidebar_layout":"default_layout","_jetpack_memberships_contains_paid_content":false,"footnotes":"","jetpack_publicize_message":"","jetpack_publicize_feature_enabled":true,"jetpack_social_post_already_shared":true,"jetpack_social_options":{"image_generator_settings":{"template":"highway","default_image_id":0,"font":"","enabled":false},"version":2}},"categories":[145],"tags":[],"class_list":["post-50973","post","type-post","status-publish","format-standard","has-post-thumbnail","hentry","category-estados"],"jetpack_publicize_connections":[],"jetpack_featured_media_url":"https:\/\/noticiasveracruz.com\/wp-content\/uploads\/2025\/02\/unnamed-2025-02-23T183650.963-1.jpg","jetpack_sharing_enabled":true,"publishpress_future_action":{"enabled":false,"date":"2026-05-10 05:27:35","action":"change-status","newStatus":"draft","terms":[],"taxonomy":"category","extraData":[]},"publishpress_future_workflow_manual_trigger":{"enabledWorkflows":[]},"_links":{"self":[{"href":"https:\/\/noticiasveracruz.com\/index.php\/wp-json\/wp\/v2\/posts\/50973","targetHints":{"allow":["GET"]}}],"collection":[{"href":"https:\/\/noticiasveracruz.com\/index.php\/wp-json\/wp\/v2\/posts"}],"about":[{"href":"https:\/\/noticiasveracruz.com\/index.php\/wp-json\/wp\/v2\/types\/post"}],"author":[{"embeddable":true,"href":"https:\/\/noticiasveracruz.com\/index.php\/wp-json\/wp\/v2\/users\/4"}],"replies":[{"embeddable":true,"href":"https:\/\/noticiasveracruz.com\/index.php\/wp-json\/wp\/v2\/comments?post=50973"}],"version-history":[{"count":0,"href":"https:\/\/noticiasveracruz.com\/index.php\/wp-json\/wp\/v2\/posts\/50973\/revisions"}],"wp:featuredmedia":[{"embeddable":true,"href":"https:\/\/noticiasveracruz.com\/index.php\/wp-json\/wp\/v2\/media\/50974"}],"wp:attachment":[{"href":"https:\/\/noticiasveracruz.com\/index.php\/wp-json\/wp\/v2\/media?parent=50973"}],"wp:term":[{"taxonomy":"category","embeddable":true,"href":"https:\/\/noticiasveracruz.com\/index.php\/wp-json\/wp\/v2\/categories?post=50973"},{"taxonomy":"post_tag","embeddable":true,"href":"https:\/\/noticiasveracruz.com\/index.php\/wp-json\/wp\/v2\/tags?post=50973"}],"curies":[{"name":"wp","href":"https:\/\/api.w.org\/{rel}","templated":true}]}}