{"id":50970,"date":"2025-02-24T00:13:16","date_gmt":"2025-02-24T06:13:16","guid":{"rendered":"https:\/\/noticiasveracruz.com\/?p=50970"},"modified":"2025-02-23T23:10:04","modified_gmt":"2025-02-24T05:10:04","slug":"morena-lanza-campana-de-afiliacion-en-sonora","status":"publish","type":"post","link":"https:\/\/noticiasveracruz.com\/index.php\/2025\/02\/24\/morena-lanza-campana-de-afiliacion-en-sonora\/","title":{"rendered":"Morena lanza campa\u00f1a de afiliaci\u00f3n en Sonora"},"content":{"rendered":"<p>El partido Movimiento de Regeneraci\u00f3n Nacional (Morena) en Sonora arranc\u00f3 en la plaza p\u00fablica Cien A\u00f1os de Hermosillo, la campa\u00f1a de afiliaci\u00f3n y reafiliaci\u00f3n en Sonora, en vistas de fortalecer su estructura territorial y ampliar su base de militantes en el estado.<\/p>\n<p>Judith Armenta Cota, presidenta del Comit\u00e9 Estatal en Sonora, destac\u00f3 que la meta es afiliar a 215 mil 88\u00a0 personas en la entidad. A\u00f1adi\u00f3 que con esta iniciativa, Morena busca consolidar su organizaci\u00f3n en el estado e impulsar la participaci\u00f3n ciudadana en su movimiento de transformaci\u00f3n.<\/p>\n<p>A la jornada se sumaron los integrantes del Comit\u00e9 Ejecutivo Estatal y los enlaces de los siete distritos que conforman Sonora. El evento cont\u00f3 con la presencia de \u00c1lvaro Bracamontes Sierra, secretario t\u00e9cnico del Consejo Nacional de Morena, y Ram\u00f3n Duarte, secretario del Comit\u00e9 Ejecutivo Estatal.<\/p>\n","protected":false},"excerpt":{"rendered":"<p>El partido Movimiento de Regeneraci\u00f3n Nacional (Morena) en Sonora arranc\u00f3 en la plaza p\u00fablica Cien A\u00f1os de Hermosillo, la campa\u00f1a<\/p>\n","protected":false},"author":4,"featured_media":50971,"comment_status":"closed","ping_status":"closed","sticky":false,"template":"","format":"standard","meta":{"colormag_page_container_layout":"default_layout","colormag_page_sidebar_layout":"default_layout","_jetpack_memberships_contains_paid_content":false,"footnotes":"","jetpack_publicize_message":"","jetpack_publicize_feature_enabled":true,"jetpack_social_post_already_shared":true,"jetpack_social_options":{"image_generator_settings":{"template":"highway","default_image_id":0,"font":"","enabled":false},"version":2}},"categories":[145],"tags":[],"class_list":["post-50970","post","type-post","status-publish","format-standard","has-post-thumbnail","hentry","category-estados"],"jetpack_publicize_connections":[],"jetpack_featured_media_url":"https:\/\/noticiasveracruz.com\/wp-content\/uploads\/2025\/02\/MORENA-3.jpg","jetpack_sharing_enabled":true,"publishpress_future_action":{"enabled":false,"date":"2026-05-10 04:32:43","action":"change-status","newStatus":"draft","terms":[],"taxonomy":"category","extraData":[]},"publishpress_future_workflow_manual_trigger":{"enabledWorkflows":[]},"_links":{"self":[{"href":"https:\/\/noticiasveracruz.com\/index.php\/wp-json\/wp\/v2\/posts\/50970","targetHints":{"allow":["GET"]}}],"collection":[{"href":"https:\/\/noticiasveracruz.com\/index.php\/wp-json\/wp\/v2\/posts"}],"about":[{"href":"https:\/\/noticiasveracruz.com\/index.php\/wp-json\/wp\/v2\/types\/post"}],"author":[{"embeddable":true,"href":"https:\/\/noticiasveracruz.com\/index.php\/wp-json\/wp\/v2\/users\/4"}],"replies":[{"embeddable":true,"href":"https:\/\/noticiasveracruz.com\/index.php\/wp-json\/wp\/v2\/comments?post=50970"}],"version-history":[{"count":0,"href":"https:\/\/noticiasveracruz.com\/index.php\/wp-json\/wp\/v2\/posts\/50970\/revisions"}],"wp:featuredmedia":[{"embeddable":true,"href":"https:\/\/noticiasveracruz.com\/index.php\/wp-json\/wp\/v2\/media\/50971"}],"wp:attachment":[{"href":"https:\/\/noticiasveracruz.com\/index.php\/wp-json\/wp\/v2\/media?parent=50970"}],"wp:term":[{"taxonomy":"category","embeddable":true,"href":"https:\/\/noticiasveracruz.com\/index.php\/wp-json\/wp\/v2\/categories?post=50970"},{"taxonomy":"post_tag","embeddable":true,"href":"https:\/\/noticiasveracruz.com\/index.php\/wp-json\/wp\/v2\/tags?post=50970"}],"curies":[{"name":"wp","href":"https:\/\/api.w.org\/{rel}","templated":true}]}}