{"id":50958,"date":"2025-02-24T00:09:35","date_gmt":"2025-02-24T06:09:35","guid":{"rendered":"https:\/\/noticiasveracruz.com\/?p=50958"},"modified":"2025-02-23T23:02:18","modified_gmt":"2025-02-24T05:02:18","slug":"milei-aprueba-la-reciprocidad-de-aranceles-defendida-por-trump","status":"publish","type":"post","link":"https:\/\/noticiasveracruz.com\/index.php\/2025\/02\/24\/milei-aprueba-la-reciprocidad-de-aranceles-defendida-por-trump\/","title":{"rendered":"Milei aprueba la reciprocidad de aranceles defendida por Trump"},"content":{"rendered":"<p>Entre v\u00edtores, el presidente argentino, Javier Milei, prometi\u00f3 este s\u00e1bado sumarse a la pol\u00edtica de aranceles rec\u00edprocos defendida por Donald Trump en un discurso en una convenci\u00f3n conservadora cerca de Washington en el que arremeti\u00f3 contra \u00abuna clase pol\u00edtica con complejo de Dios\u00bb.<\/p>\n<p>El presidente republicano estadunidense, con el que Milei guarda una gran afinidad ideol\u00f3gica, prev\u00e9 aplicar a partir del 2 de abril lo que denomina \u00abaranceles rec\u00edprocos\u00bb, es decir imponer a cada pa\u00eds el mismo nivel de tarifas aduaneras que las que estos establecen a los productos estadunidenses.<\/p>\n<p>\u00abArgentina quiere ser el primer pa\u00eds del mundo en sumarse a este acuerdo de reciprocidad que pide la administraci\u00f3n Trump en materia comercial\u00bb, afirm\u00f3 Milei, que se dio un ba\u00f1o de multitudes en la Conferencia de Acci\u00f3n Pol\u00edtica Conservadora (CPAC), cerca de la capital estadunidense.<\/p>\n<p>\u00abSi no estuvi\u00e9ramos restringidos por el Mercosur, Argentina ya estar\u00eda trabajando en un acuerdo de libre comercio con los Estados Unidos que sea mutuamente beneficioso\u00bb, a\u00f1adi\u00f3, refiri\u00e9ndose al bloque sudamericano que su pa\u00eds integra junto a Brasil, Paraguay y Uruguay.<\/p>\n","protected":false},"excerpt":{"rendered":"<p>Entre v\u00edtores, el presidente argentino, Javier Milei, prometi\u00f3 este s\u00e1bado sumarse a la pol\u00edtica de aranceles rec\u00edprocos defendida por Donald<\/p>\n","protected":false},"author":4,"featured_media":50959,"comment_status":"closed","ping_status":"closed","sticky":false,"template":"","format":"standard","meta":{"colormag_page_container_layout":"default_layout","colormag_page_sidebar_layout":"default_layout","_jetpack_memberships_contains_paid_content":false,"footnotes":"","jetpack_publicize_message":"","jetpack_publicize_feature_enabled":true,"jetpack_social_post_already_shared":true,"jetpack_social_options":{"image_generator_settings":{"template":"highway","default_image_id":0,"font":"","enabled":false},"version":2}},"categories":[1947],"tags":[],"class_list":["post-50958","post","type-post","status-publish","format-standard","has-post-thumbnail","hentry","category-economia"],"jetpack_publicize_connections":[],"jetpack_featured_media_url":"https:\/\/noticiasveracruz.com\/wp-content\/uploads\/2025\/02\/67ba2498e3e78.jpeg","jetpack_sharing_enabled":true,"publishpress_future_action":{"enabled":false,"date":"2026-05-08 11:58:41","action":"change-status","newStatus":"draft","terms":[],"taxonomy":"category","extraData":[]},"publishpress_future_workflow_manual_trigger":{"enabledWorkflows":[]},"_links":{"self":[{"href":"https:\/\/noticiasveracruz.com\/index.php\/wp-json\/wp\/v2\/posts\/50958","targetHints":{"allow":["GET"]}}],"collection":[{"href":"https:\/\/noticiasveracruz.com\/index.php\/wp-json\/wp\/v2\/posts"}],"about":[{"href":"https:\/\/noticiasveracruz.com\/index.php\/wp-json\/wp\/v2\/types\/post"}],"author":[{"embeddable":true,"href":"https:\/\/noticiasveracruz.com\/index.php\/wp-json\/wp\/v2\/users\/4"}],"replies":[{"embeddable":true,"href":"https:\/\/noticiasveracruz.com\/index.php\/wp-json\/wp\/v2\/comments?post=50958"}],"version-history":[{"count":0,"href":"https:\/\/noticiasveracruz.com\/index.php\/wp-json\/wp\/v2\/posts\/50958\/revisions"}],"wp:featuredmedia":[{"embeddable":true,"href":"https:\/\/noticiasveracruz.com\/index.php\/wp-json\/wp\/v2\/media\/50959"}],"wp:attachment":[{"href":"https:\/\/noticiasveracruz.com\/index.php\/wp-json\/wp\/v2\/media?parent=50958"}],"wp:term":[{"taxonomy":"category","embeddable":true,"href":"https:\/\/noticiasveracruz.com\/index.php\/wp-json\/wp\/v2\/categories?post=50958"},{"taxonomy":"post_tag","embeddable":true,"href":"https:\/\/noticiasveracruz.com\/index.php\/wp-json\/wp\/v2\/tags?post=50958"}],"curies":[{"name":"wp","href":"https:\/\/api.w.org\/{rel}","templated":true}]}}