{"id":50955,"date":"2025-02-24T00:08:13","date_gmt":"2025-02-24T06:08:13","guid":{"rendered":"https:\/\/noticiasveracruz.com\/?p=50955"},"modified":"2025-02-23T22:43:23","modified_gmt":"2025-02-24T04:43:23","slug":"sheinbaum-visita-planta-potabilizadora-dotara-agua-de-calidad-a-durango","status":"publish","type":"post","link":"https:\/\/noticiasveracruz.com\/index.php\/2025\/02\/24\/sheinbaum-visita-planta-potabilizadora-dotara-agua-de-calidad-a-durango\/","title":{"rendered":"Sheinbaum visita planta potabilizadora; dotar\u00e1 agua de calidad a Durango"},"content":{"rendered":"<p>La presidenta Claudia Sheinbaum Pardo visit\u00f3 la obra de la planta potabilizadora Guadalupe Victoria, que dotar\u00e1 de agua de calidad a la ciudad de Durango. Inform\u00f3 que ser\u00e1 puesta en marcha el 25 de marzo.<\/p>\n<p>En redes sociales, tambi\u00e9n anunci\u00f3 que este a\u00f1o iniciar\u00e1 la construcci\u00f3n de la presa El Tunal II, para garantizar agua \u201cen calidad y cantidad a la regi\u00f3n\u201d.<\/p>\n<p>A trav\u00e9s de un video, la mandataria indic\u00f3 que la planta potabilizadora tiene \u201cuna tecnolog\u00eda muy innovadora, desarrollada por la propia Conagua, que va a permitir que el agua que viene de la presa Guadalupe Victoria pase por esta planta potabilizadora y pueda llegar a la ciudad de Durango\u201d.<\/p>\n<p>Eso va a permitir tambi\u00e9n que \u201clos pozos que hoy est\u00e1n contaminados, principalmente por fluor, dejen de utilizarse y pueda haber agua con mejor calidad y m\u00e1s agua\u201d para esa ciudad.<\/p>\n<p>Dijo que el director de la Comisi\u00f3n Nacional del Agua (Conagua), Efra\u00edn Morales, se comprometi\u00f3 a que \u201cel 25 de marzo se prende esta planta para dar agua a la ciudad de Durango. Adem\u00e1s, estamos aqu\u00ed para informarles a todos los duranguenses que vamos a iniciar este mismo a\u00f1o la presa del Tunal II, que va a permitir que toda la ciudad de Durango pueda tener agua de calidad y de cantidad suficiente\u201d.<\/p>\n<p>La mandataria estuvo acompa\u00f1ada, adem\u00e1s del director de la Conagua y del gobernador de Durango, el pri\u00edsta Esteban Villegas.<\/p>\n<p>&nbsp;<\/p>\n","protected":false},"excerpt":{"rendered":"<p>La presidenta Claudia Sheinbaum Pardo visit\u00f3 la obra de la planta potabilizadora Guadalupe Victoria, que dotar\u00e1 de agua de calidad<\/p>\n","protected":false},"author":4,"featured_media":50956,"comment_status":"closed","ping_status":"closed","sticky":false,"template":"","format":"standard","meta":{"colormag_page_container_layout":"default_layout","colormag_page_sidebar_layout":"default_layout","_jetpack_memberships_contains_paid_content":false,"footnotes":"","jetpack_publicize_message":"","jetpack_publicize_feature_enabled":true,"jetpack_social_post_already_shared":true,"jetpack_social_options":{"image_generator_settings":{"template":"highway","default_image_id":0,"font":"","enabled":false},"version":2}},"categories":[4],"tags":[],"class_list":["post-50955","post","type-post","status-publish","format-standard","has-post-thumbnail","hentry","category-nacional"],"jetpack_publicize_connections":[],"jetpack_featured_media_url":"https:\/\/noticiasveracruz.com\/wp-content\/uploads\/2025\/02\/captura-de-pantalla-2025-02-22-143348-3dbfc696.png","jetpack_sharing_enabled":true,"publishpress_future_action":{"enabled":false,"date":"2026-05-08 12:54:03","action":"change-status","newStatus":"draft","terms":[],"taxonomy":"category","extraData":[]},"publishpress_future_workflow_manual_trigger":{"enabledWorkflows":[]},"_links":{"self":[{"href":"https:\/\/noticiasveracruz.com\/index.php\/wp-json\/wp\/v2\/posts\/50955","targetHints":{"allow":["GET"]}}],"collection":[{"href":"https:\/\/noticiasveracruz.com\/index.php\/wp-json\/wp\/v2\/posts"}],"about":[{"href":"https:\/\/noticiasveracruz.com\/index.php\/wp-json\/wp\/v2\/types\/post"}],"author":[{"embeddable":true,"href":"https:\/\/noticiasveracruz.com\/index.php\/wp-json\/wp\/v2\/users\/4"}],"replies":[{"embeddable":true,"href":"https:\/\/noticiasveracruz.com\/index.php\/wp-json\/wp\/v2\/comments?post=50955"}],"version-history":[{"count":0,"href":"https:\/\/noticiasveracruz.com\/index.php\/wp-json\/wp\/v2\/posts\/50955\/revisions"}],"wp:featuredmedia":[{"embeddable":true,"href":"https:\/\/noticiasveracruz.com\/index.php\/wp-json\/wp\/v2\/media\/50956"}],"wp:attachment":[{"href":"https:\/\/noticiasveracruz.com\/index.php\/wp-json\/wp\/v2\/media?parent=50955"}],"wp:term":[{"taxonomy":"category","embeddable":true,"href":"https:\/\/noticiasveracruz.com\/index.php\/wp-json\/wp\/v2\/categories?post=50955"},{"taxonomy":"post_tag","embeddable":true,"href":"https:\/\/noticiasveracruz.com\/index.php\/wp-json\/wp\/v2\/tags?post=50955"}],"curies":[{"name":"wp","href":"https:\/\/api.w.org\/{rel}","templated":true}]}}