{"id":50952,"date":"2025-02-24T00:07:23","date_gmt":"2025-02-24T06:07:23","guid":{"rendered":"https:\/\/noticiasveracruz.com\/?p=50952"},"modified":"2025-02-23T22:41:13","modified_gmt":"2025-02-24T04:41:13","slug":"se-declara-por-decreto-presidencial-el-2025-como-ano-de-la-mujer-indigena","status":"publish","type":"post","link":"https:\/\/noticiasveracruz.com\/index.php\/2025\/02\/24\/se-declara-por-decreto-presidencial-el-2025-como-ano-de-la-mujer-indigena\/","title":{"rendered":"Se declara por decreto presidencial el 2025 como \u00abA\u00f1o de la mujer ind\u00edgena\u00bb"},"content":{"rendered":"<p class=\"western\">Por decreto presidencial, 2025 fue declarado como \u201cA\u00f1o de la mujer ind\u00edgena\u201d. Por tanto, la documentaci\u00f3n oficial de la Federaci\u00f3n llevar\u00e1 esa leyenda.<\/p>\n<p class=\"western\">El Poder Ejecutivo, por conducto de la Secretar\u00eda de Gobernaci\u00f3n, en coordinaci\u00f3n con los poderes de la uni\u00f3n y los \u00f3rganos p\u00fablicos aut\u00f3nomos establecer\u00e1 un programa de actividades para conmemorar y honrar la obra de la mujer ind\u00edgena en favor de la patria.<\/p>\n<p>El decreto fue publicado este viernes en una edici\u00f3n vespertina del\u00a0<em>Diario Oficial de la Federaci\u00f3n<\/em>\u00a0y entr\u00f3 en vigor de inmediato.<\/p>\n","protected":false},"excerpt":{"rendered":"<p>Por decreto presidencial, 2025 fue declarado como \u201cA\u00f1o de la mujer ind\u00edgena\u201d. Por tanto, la documentaci\u00f3n oficial de la Federaci\u00f3n<\/p>\n","protected":false},"author":4,"featured_media":50953,"comment_status":"closed","ping_status":"closed","sticky":false,"template":"","format":"standard","meta":{"colormag_page_container_layout":"default_layout","colormag_page_sidebar_layout":"default_layout","_jetpack_memberships_contains_paid_content":false,"footnotes":"","jetpack_publicize_message":"","jetpack_publicize_feature_enabled":true,"jetpack_social_post_already_shared":true,"jetpack_social_options":{"image_generator_settings":{"template":"highway","default_image_id":0,"font":"","enabled":false},"version":2}},"categories":[4],"tags":[],"class_list":["post-50952","post","type-post","status-publish","format-standard","has-post-thumbnail","hentry","category-nacional"],"jetpack_publicize_connections":[],"jetpack_featured_media_url":"https:\/\/noticiasveracruz.com\/wp-content\/uploads\/2025\/02\/mujeres-parteras-comunidad-indigena-foto-imss-3-1160x700-1.jpg","jetpack_sharing_enabled":true,"publishpress_future_action":{"enabled":false,"date":"2026-05-08 13:41:56","action":"change-status","newStatus":"draft","terms":[],"taxonomy":"category","extraData":[]},"publishpress_future_workflow_manual_trigger":{"enabledWorkflows":[]},"_links":{"self":[{"href":"https:\/\/noticiasveracruz.com\/index.php\/wp-json\/wp\/v2\/posts\/50952","targetHints":{"allow":["GET"]}}],"collection":[{"href":"https:\/\/noticiasveracruz.com\/index.php\/wp-json\/wp\/v2\/posts"}],"about":[{"href":"https:\/\/noticiasveracruz.com\/index.php\/wp-json\/wp\/v2\/types\/post"}],"author":[{"embeddable":true,"href":"https:\/\/noticiasveracruz.com\/index.php\/wp-json\/wp\/v2\/users\/4"}],"replies":[{"embeddable":true,"href":"https:\/\/noticiasveracruz.com\/index.php\/wp-json\/wp\/v2\/comments?post=50952"}],"version-history":[{"count":0,"href":"https:\/\/noticiasveracruz.com\/index.php\/wp-json\/wp\/v2\/posts\/50952\/revisions"}],"wp:featuredmedia":[{"embeddable":true,"href":"https:\/\/noticiasveracruz.com\/index.php\/wp-json\/wp\/v2\/media\/50953"}],"wp:attachment":[{"href":"https:\/\/noticiasveracruz.com\/index.php\/wp-json\/wp\/v2\/media?parent=50952"}],"wp:term":[{"taxonomy":"category","embeddable":true,"href":"https:\/\/noticiasveracruz.com\/index.php\/wp-json\/wp\/v2\/categories?post=50952"},{"taxonomy":"post_tag","embeddable":true,"href":"https:\/\/noticiasveracruz.com\/index.php\/wp-json\/wp\/v2\/tags?post=50952"}],"curies":[{"name":"wp","href":"https:\/\/api.w.org\/{rel}","templated":true}]}}