{"id":50946,"date":"2025-02-24T00:05:57","date_gmt":"2025-02-24T06:05:57","guid":{"rendered":"https:\/\/noticiasveracruz.com\/?p=50946"},"modified":"2025-02-23T22:36:46","modified_gmt":"2025-02-24T04:36:46","slug":"murat-se-sacude-criticas-por-afiliarse-a-morena-mi-trayectoria-habla-por-mi","status":"publish","type":"post","link":"https:\/\/noticiasveracruz.com\/index.php\/2025\/02\/24\/murat-se-sacude-criticas-por-afiliarse-a-morena-mi-trayectoria-habla-por-mi\/","title":{"rendered":"Murat se sacude cr\u00edticas por afiliarse a Morena; \u201cmi trayectoria habla por mi\u201d"},"content":{"rendered":"<p class=\"western\">El senador Alejandro Murat, cuya afiliaci\u00f3n a Morena ha sido rechazada por el gobernador de Oaxaca, Salom\u00f3n Jara, defendi\u00f3 su membres\u00eda en el partido guinda, pero pidi\u00f3 a quienes lo critican no tener la piel delgada.<\/p>\n<p class=\"western\">Previo a participar en la llamada \u201cCabalgata por la Paz\u201d que se realiz\u00f3 en Tabasco, el tambi\u00e9n ex gobernador oaxaque\u00f1o dijo que le da mucho gusto que haya debate en los partidos porque eso hace que la democracia fluya. Hay que debatir de frente, subray\u00f3.<\/p>\n<p class=\"western\">Sin embargo, \u201clo que hay que decirles es que no tengan, al final, que la piel no sea tan delgada\u201d, a\u00f1adi\u00f3 al demandar que se haga a un lado, quien se encuentre en esa situaci\u00f3n y no pueda.<\/p>\n<p class=\"western\">Murat afirm\u00f3 que en Morena lo han tratado \u201cde poca madre\u201d y que no le preocupa nada. \u201cMi trayectoria habla por mi\u201d.<\/p>\n<p class=\"western\">Resalt\u00f3 adem\u00e1s, que es de la bancada de Morena desde que arranc\u00f3 la legislatura en septiembre pasado. Puntualiz\u00f3 que hizo campa\u00f1a como Morena y apoyo a la presidenta Claudia Sheinbaum.<\/p>\n<p class=\"western\">Tambi\u00e9n sostuvo que los valores y principios no tienen membrete. Lo que realmente importa son los ideales y no el color o la afiliaci\u00f3n pol\u00edtica.<\/p>\n<p class=\"western\">El legislador evit\u00f3 hablar del PRI, al que perteneci\u00f3, tras dejar en claro que \u201cpara atr\u00e1s ni para agarrar vuelito\u201d.<\/p>\n<p class=\"western\">Jara critic\u00f3 la afiliaci\u00f3n de Alejandro Murat a Morena, por considerar que no representa los valores y principios de ese partido. Incluso asegur\u00f3 que pedir\u00e1 a las instancias de esta fuerza pol\u00edtica reconsiderar la membres\u00eda de su paisano.<\/p>\n","protected":false},"excerpt":{"rendered":"<p>El senador Alejandro Murat, cuya afiliaci\u00f3n a Morena ha sido rechazada por el gobernador de Oaxaca, Salom\u00f3n Jara, defendi\u00f3 su<\/p>\n","protected":false},"author":4,"featured_media":50947,"comment_status":"closed","ping_status":"closed","sticky":false,"template":"","format":"standard","meta":{"colormag_page_container_layout":"default_layout","colormag_page_sidebar_layout":"default_layout","_jetpack_memberships_contains_paid_content":false,"footnotes":"","jetpack_publicize_message":"","jetpack_publicize_feature_enabled":true,"jetpack_social_post_already_shared":true,"jetpack_social_options":{"image_generator_settings":{"template":"highway","default_image_id":0,"font":"","enabled":false},"version":2}},"categories":[4],"tags":[],"class_list":["post-50946","post","type-post","status-publish","format-standard","has-post-thumbnail","hentry","category-nacional"],"jetpack_publicize_connections":[],"jetpack_featured_media_url":"https:\/\/noticiasveracruz.com\/wp-content\/uploads\/2025\/02\/462501_4x.jpg","jetpack_sharing_enabled":true,"publishpress_future_action":{"enabled":false,"date":"2026-05-10 05:42:42","action":"change-status","newStatus":"draft","terms":[],"taxonomy":"category","extraData":[]},"publishpress_future_workflow_manual_trigger":{"enabledWorkflows":[]},"_links":{"self":[{"href":"https:\/\/noticiasveracruz.com\/index.php\/wp-json\/wp\/v2\/posts\/50946","targetHints":{"allow":["GET"]}}],"collection":[{"href":"https:\/\/noticiasveracruz.com\/index.php\/wp-json\/wp\/v2\/posts"}],"about":[{"href":"https:\/\/noticiasveracruz.com\/index.php\/wp-json\/wp\/v2\/types\/post"}],"author":[{"embeddable":true,"href":"https:\/\/noticiasveracruz.com\/index.php\/wp-json\/wp\/v2\/users\/4"}],"replies":[{"embeddable":true,"href":"https:\/\/noticiasveracruz.com\/index.php\/wp-json\/wp\/v2\/comments?post=50946"}],"version-history":[{"count":0,"href":"https:\/\/noticiasveracruz.com\/index.php\/wp-json\/wp\/v2\/posts\/50946\/revisions"}],"wp:featuredmedia":[{"embeddable":true,"href":"https:\/\/noticiasveracruz.com\/index.php\/wp-json\/wp\/v2\/media\/50947"}],"wp:attachment":[{"href":"https:\/\/noticiasveracruz.com\/index.php\/wp-json\/wp\/v2\/media?parent=50946"}],"wp:term":[{"taxonomy":"category","embeddable":true,"href":"https:\/\/noticiasveracruz.com\/index.php\/wp-json\/wp\/v2\/categories?post=50946"},{"taxonomy":"post_tag","embeddable":true,"href":"https:\/\/noticiasveracruz.com\/index.php\/wp-json\/wp\/v2\/tags?post=50946"}],"curies":[{"name":"wp","href":"https:\/\/api.w.org\/{rel}","templated":true}]}}