{"id":50899,"date":"2025-02-22T00:15:19","date_gmt":"2025-02-22T06:15:19","guid":{"rendered":"https:\/\/noticiasveracruz.com\/?p=50899"},"modified":"2025-02-21T21:03:13","modified_gmt":"2025-02-22T03:03:13","slug":"oaxaca-anuncia-la-seccion-22-posible-paro-para-el-28-de-febrero","status":"publish","type":"post","link":"https:\/\/noticiasveracruz.com\/index.php\/2025\/02\/22\/oaxaca-anuncia-la-seccion-22-posible-paro-para-el-28-de-febrero\/","title":{"rendered":"Oaxaca: anuncia la secci\u00f3n 22 posible paro para el 28 de febrero"},"content":{"rendered":"<p>El Comit\u00e9 Ejecutivo Seccional (CES) de la secci\u00f3n 22 de la Coordinadora Nacional de los Trabajadores de la Educaci\u00f3n (CNTE) anunciaron un paro de labores de 24 horas que se efectuar\u00e1 tentativamente el viernes de la pr\u00f3xima semana, esto ante el incumplimiento en la entrega de uniformes escolares por parte de los gobiernos estatal y federal; pues de los 800 mil uniformes comprometidos s\u00f3lo tienen 20 mil, denunci\u00f3 la secretaria General, Yenny P\u00e9rez Mart\u00ednez.<\/p>\n<p>En conferencia de prensa, y acompa\u00f1ada del CES explic\u00f3 que en la \u00faltima mesa de trabajo sostenida en el Centro Cultural y de Convenciones de Oaxaca, en la que estuvo presente el titular de la Secretar\u00eda de Educaci\u00f3n P\u00fablica (SEP), Mario Delgado se hab\u00eda comprometido para este 24 de febrero la entrega de uniformes escolares para los m\u00e1s de 800 mil alumnos de educaci\u00f3n b\u00e1sica en la entidad.<\/p>\n<p>Sin embargo y pese a que se firm\u00f3 una minuta de acuerdos con Delgado y con Emilio Montero, director del Instituto Estatal de Educaci\u00f3n P\u00fablica de Oaxaca, este acuerdo no se a cumplido, pues no se cuenta ni con el 10 por ciento de los uniformes comprometidos.<\/p>\n<p>Ante esta situaci\u00f3n, puntualizaron que es responsabilidad de los gobiernos estatal y federal dar cumplimiento a los compromisos acordados pues los dos niveles de gobierno atendieron de forma conjunta la mesa de trabajo, lamentablemente contin\u00faan con acciones dilatorias a fin de no cumplir con los compromisos previamente acordados.<\/p>\n<p>Esto debido a que el director del Ieepo a trav\u00e9s de un comunicado responsabiliz\u00f3 directamente al titular de la SEP, Mario Delgado de este retraso e incluso puntualiz\u00f3 que es necesario que el funcionario federal \u201cprecise la fecha de cumplimiento\u201d.<\/p>\n<p>P\u00e9rez Mart\u00ednez a\u00f1adi\u00f3 que debido a este retraso la secci\u00f3n 22 acord\u00f3 efectuar un paro de labores de 24 horas mismo que se efectuar\u00e1 la pr\u00f3xima semana en un d\u00eda por definir, indic\u00f3 que tentativamente esta acci\u00f3n se llevar\u00e1 a cabo el d\u00eda viernes.<\/p>\n<p>Lo m\u00e1s grave a\u00f1adi\u00f3, es que la petici\u00f3n de la entrega de uniformes as\u00ed como mobiliario no es una de las principales exigencias que se tienen pues existen demandas primordiales como la abrogaci\u00f3n de la ley del Issste del 2007, la abrogaci\u00f3n de la reforma educativa y la desaparici\u00f3n de la Unidad del\u00a0Sistema para la Carrera de las Maestras y los Maestros (USICAMM); no obstante si con los uniformes y equipamiento no se ha dado cumplimiento,\u00bfqu\u00e9 se puede esperar con respecto a las otras peticiones?.<\/p>\n<p>Reitero que para esta pr\u00f3xima semana \u00fanicamente se tiene contemplado un paro de 24 horas, sin embargo ser\u00e1 la asamblea estatal la que determine si posteriormente se realizan un mayor n\u00famero de acciones para presionar los gobiernos para que cumplan con lo pactado<\/p>\n<p>Finalmente al ser cuestionada sobre el proceso de revocaci\u00f3n de mandato en el gobierno de Salom\u00f3n Jara Cruz indic\u00f3 que hasta el momento no se ha considerado esta situaci\u00f3n al interior de la secci\u00f3n 22, sin embargo ser\u00e1 cada maestro el que deber\u00e1 analizar a fondo y tomar su propia determinaci\u00f3n teniendo en cuenta que las promesas y pactos hechos por la administracion jarista no han sido cumplidos, agreg\u00f3 que ser\u00e1 en los pr\u00f3ximos meses cuando la asamblea estatal analice la posibilidad de un voto de castigo hacia el mandatario estatal tal y como se ha hecho en gobiernos anteriores.<\/p>\n","protected":false},"excerpt":{"rendered":"<p>El Comit\u00e9 Ejecutivo Seccional (CES) de la secci\u00f3n 22 de la Coordinadora Nacional de los Trabajadores de la Educaci\u00f3n (CNTE)<\/p>\n","protected":false},"author":4,"featured_media":50900,"comment_status":"closed","ping_status":"closed","sticky":false,"template":"","format":"standard","meta":{"colormag_page_container_layout":"default_layout","colormag_page_sidebar_layout":"default_layout","_jetpack_memberships_contains_paid_content":false,"footnotes":"","jetpack_publicize_message":"","jetpack_publicize_feature_enabled":true,"jetpack_social_post_already_shared":true,"jetpack_social_options":{"image_generator_settings":{"template":"highway","default_image_id":0,"font":"","enabled":false},"version":2}},"categories":[145],"tags":[],"class_list":["post-50899","post","type-post","status-publish","format-standard","has-post-thumbnail","hentry","category-estados"],"jetpack_publicize_connections":[],"jetpack_featured_media_url":"https:\/\/noticiasveracruz.com\/wp-content\/uploads\/2025\/02\/sdfsdff.jpg","jetpack_sharing_enabled":true,"publishpress_future_action":{"enabled":false,"date":"2026-05-08 13:46:42","action":"change-status","newStatus":"draft","terms":[],"taxonomy":"category","extraData":[]},"publishpress_future_workflow_manual_trigger":{"enabledWorkflows":[]},"_links":{"self":[{"href":"https:\/\/noticiasveracruz.com\/index.php\/wp-json\/wp\/v2\/posts\/50899","targetHints":{"allow":["GET"]}}],"collection":[{"href":"https:\/\/noticiasveracruz.com\/index.php\/wp-json\/wp\/v2\/posts"}],"about":[{"href":"https:\/\/noticiasveracruz.com\/index.php\/wp-json\/wp\/v2\/types\/post"}],"author":[{"embeddable":true,"href":"https:\/\/noticiasveracruz.com\/index.php\/wp-json\/wp\/v2\/users\/4"}],"replies":[{"embeddable":true,"href":"https:\/\/noticiasveracruz.com\/index.php\/wp-json\/wp\/v2\/comments?post=50899"}],"version-history":[{"count":0,"href":"https:\/\/noticiasveracruz.com\/index.php\/wp-json\/wp\/v2\/posts\/50899\/revisions"}],"wp:featuredmedia":[{"embeddable":true,"href":"https:\/\/noticiasveracruz.com\/index.php\/wp-json\/wp\/v2\/media\/50900"}],"wp:attachment":[{"href":"https:\/\/noticiasveracruz.com\/index.php\/wp-json\/wp\/v2\/media?parent=50899"}],"wp:term":[{"taxonomy":"category","embeddable":true,"href":"https:\/\/noticiasveracruz.com\/index.php\/wp-json\/wp\/v2\/categories?post=50899"},{"taxonomy":"post_tag","embeddable":true,"href":"https:\/\/noticiasveracruz.com\/index.php\/wp-json\/wp\/v2\/tags?post=50899"}],"curies":[{"name":"wp","href":"https:\/\/api.w.org\/{rel}","templated":true}]}}