{"id":50893,"date":"2025-02-22T00:13:28","date_gmt":"2025-02-22T06:13:28","guid":{"rendered":"https:\/\/noticiasveracruz.com\/?p=50893"},"modified":"2025-02-21T20:59:17","modified_gmt":"2025-02-22T02:59:17","slug":"agricultores-en-planton-en-tamaulipas-llegan-a-acuerdo-con-segalmex","status":"publish","type":"post","link":"https:\/\/noticiasveracruz.com\/index.php\/2025\/02\/22\/agricultores-en-planton-en-tamaulipas-llegan-a-acuerdo-con-segalmex\/","title":{"rendered":"Agricultores en plant\u00f3n en Tamaulipas llegan a acuerdo con Segalmex"},"content":{"rendered":"<div class=\"gmail_default\">Productores de frijol de siete municipios levantaron un plant\u00f3n donde exig\u00edan que Selgamex cumpliera el compromiso de comprar\u00a0mil toneladas de frijol, por ello este medio d\u00eda la empresa acord\u00f3 adquirir la producci\u00f3n final que los agricultores empaquetaron conforme a la norma de control de calidad que establece la paraestatal.<\/div>\n<div class=\"gmail_default\">\nLos representantes de los quejosos comentaron que con el recurso tendr\u00e1n capacidad para continuar sus actividades agropecuarias, se\u00f1alaron que la empresa gubernamental tambi\u00e9n comprar\u00e1 500 toneladas m\u00e1s que cosecharon durante el ciclo agr\u00edcola primavera-verano 2024-2025.<\/div>\n<div class=\"gmail_default\">\nGuillermo Aguilar Flores, Representante del Frente Estatal de Productores Agropecuarios de Tamaulipas, inform\u00f3 que decidieron levantar el plant\u00f3n en las instalaciones de Segalmex, porque la paraestatal se comprometi\u00f3 a recibir el mi\u00e9rcoles de la siguiente semana mil toneladas de frijol negro de la variedad \u201cmichigan\u201d.<\/div>\n<div class=\"gmail_default\">\nComent\u00f3 que los productores se comprometieron a entregar el mi\u00e9rcoles de la siguiente semana el producto empaquetado conforme a las normas establecidas por Segalmex, cribado y seleccionado de acuerdo a las instrucciones de la empresa gubernamental.<\/div>\n","protected":false},"excerpt":{"rendered":"<p>Productores de frijol de siete municipios levantaron un plant\u00f3n donde exig\u00edan que Selgamex cumpliera el compromiso de comprar\u00a0mil toneladas de<\/p>\n","protected":false},"author":4,"featured_media":50894,"comment_status":"closed","ping_status":"closed","sticky":false,"template":"","format":"standard","meta":{"colormag_page_container_layout":"default_layout","colormag_page_sidebar_layout":"default_layout","_jetpack_memberships_contains_paid_content":false,"footnotes":"","jetpack_publicize_message":"","jetpack_publicize_feature_enabled":true,"jetpack_social_post_already_shared":true,"jetpack_social_options":{"image_generator_settings":{"template":"highway","default_image_id":0,"font":"","enabled":false},"version":2}},"categories":[145],"tags":[],"class_list":["post-50893","post","type-post","status-publish","format-standard","has-post-thumbnail","hentry","category-estados"],"jetpack_publicize_connections":[],"jetpack_featured_media_url":"https:\/\/noticiasveracruz.com\/wp-content\/uploads\/2025\/02\/seg-2.jpg","jetpack_sharing_enabled":true,"publishpress_future_action":{"enabled":false,"date":"2026-05-08 12:57:42","action":"change-status","newStatus":"draft","terms":[],"taxonomy":"category","extraData":[]},"publishpress_future_workflow_manual_trigger":{"enabledWorkflows":[]},"_links":{"self":[{"href":"https:\/\/noticiasveracruz.com\/index.php\/wp-json\/wp\/v2\/posts\/50893","targetHints":{"allow":["GET"]}}],"collection":[{"href":"https:\/\/noticiasveracruz.com\/index.php\/wp-json\/wp\/v2\/posts"}],"about":[{"href":"https:\/\/noticiasveracruz.com\/index.php\/wp-json\/wp\/v2\/types\/post"}],"author":[{"embeddable":true,"href":"https:\/\/noticiasveracruz.com\/index.php\/wp-json\/wp\/v2\/users\/4"}],"replies":[{"embeddable":true,"href":"https:\/\/noticiasveracruz.com\/index.php\/wp-json\/wp\/v2\/comments?post=50893"}],"version-history":[{"count":0,"href":"https:\/\/noticiasveracruz.com\/index.php\/wp-json\/wp\/v2\/posts\/50893\/revisions"}],"wp:featuredmedia":[{"embeddable":true,"href":"https:\/\/noticiasveracruz.com\/index.php\/wp-json\/wp\/v2\/media\/50894"}],"wp:attachment":[{"href":"https:\/\/noticiasveracruz.com\/index.php\/wp-json\/wp\/v2\/media?parent=50893"}],"wp:term":[{"taxonomy":"category","embeddable":true,"href":"https:\/\/noticiasveracruz.com\/index.php\/wp-json\/wp\/v2\/categories?post=50893"},{"taxonomy":"post_tag","embeddable":true,"href":"https:\/\/noticiasveracruz.com\/index.php\/wp-json\/wp\/v2\/tags?post=50893"}],"curies":[{"name":"wp","href":"https:\/\/api.w.org\/{rel}","templated":true}]}}