{"id":5089,"date":"2022-06-08T16:01:10","date_gmt":"2022-06-08T21:01:10","guid":{"rendered":"https:\/\/noticiasveracruz.com\/?p=5089"},"modified":"2022-06-08T16:47:59","modified_gmt":"2022-06-08T21:47:59","slug":"tras-el-fracaso-electoral-priistas-convocan-a-renovar-dirigencia","status":"publish","type":"post","link":"https:\/\/noticiasveracruz.com\/index.php\/2022\/06\/08\/tras-el-fracaso-electoral-priistas-convocan-a-renovar-dirigencia\/","title":{"rendered":"Tras el fracaso electoral, pri\u00edstas convocan a renovar dirigencia"},"content":{"rendered":"<p>&nbsp;<\/p>\n<p class=\"p1\"><span style=\"font-size: 14pt;\"><em><strong>Ciudad de M\u00e9xico.<\/strong> <\/em>El grupo del Partido Revolucionario Institucional (PRI)<strong>\u00a0<em>\u201cFrente Nacional Democracia y Justicia Social\u201d<\/em> convoca a los militantes a la inmediata renovaci\u00f3n de la Dirigencia Nacional.<\/strong><\/span><\/p>\n<p class=\"p1\"><span style=\"font-size: 18pt;\"><strong>Es la primera reacci\u00f3n de los pri\u00edstas frente a los resultados de las elecciones realizadas el pasado 5 de junio, en donde el Revolucionario Institucional perdi\u00f3 dos bastiones importantes, Oaxaca e Hidalgo. <\/strong><\/span><\/p>\n<p>&nbsp;<\/p>\n<p><span style=\"font-size: 18pt;\"><strong>LA CONVOCATORIA<\/strong><\/span><\/p>\n<p class=\"p1\"><span style=\"font-size: 18pt;\"><strong>El comunicado del <em>\u00abFrente Nacional Democracia y Justicia Social\u00bb<\/em> se\u00f1ala<span class=\"Apple-converted-space\">\u00a0 <\/span>\u201cNuestro partido se encuentra en una profunda crisis, como lo demuestran los fracasos electorales de 2021 y 2022, en las que s\u00f3lo se gan\u00f3 una de las 20 gubernaturas que se eligieron y en cambio perdimos 10 estados que gobern\u00e1bamos. Las urnas demuestran que no hemos sido capaces de recuperar la confianza de la sociedad ni de construir una propuesta atractiva para el electorado. La derrota ha sido apabullante\u201d. <\/strong><\/span><\/p>\n<blockquote>\n<p class=\"p1\"><span style=\"font-size: 14pt;\">Es evidente que la Dirigencia Nacional del Partido no ha podido cumplir con su responsabilidad primaria que es ganar elecciones; y en cambio ha asumido una visi\u00f3n patrimonialista, con una actitud excluyente, autoritaria y centrada s\u00f3lo en intereses y ambiciones personales, constituy\u00e9ndose, adem\u00e1s, en motivo de bochornosos esc\u00e1ndalos que afectan nuestra imagen y prestigio\u201d<\/span><\/p>\n<\/blockquote>\n<p>&nbsp;<\/p>\n<p><img loading=\"lazy\" decoding=\"async\" class=\"aligncenter wp-image-5099 size-large\" src=\"http:\/\/noticiasveracruz.com\/wp-content\/uploads\/2022\/06\/FT96f4QXsAAlMkf-1024x650.jpeg\" alt=\"\" width=\"800\" height=\"508\" srcset=\"https:\/\/noticiasveracruz.com\/wp-content\/uploads\/2022\/06\/FT96f4QXsAAlMkf-1024x650.jpeg 1024w, https:\/\/noticiasveracruz.com\/wp-content\/uploads\/2022\/06\/FT96f4QXsAAlMkf-300x190.jpeg 300w, https:\/\/noticiasveracruz.com\/wp-content\/uploads\/2022\/06\/FT96f4QXsAAlMkf-768x487.jpeg 768w, https:\/\/noticiasveracruz.com\/wp-content\/uploads\/2022\/06\/FT96f4QXsAAlMkf-600x381.jpeg 600w, https:\/\/noticiasveracruz.com\/wp-content\/uploads\/2022\/06\/FT96f4QXsAAlMkf.jpeg 1280w\" sizes=\"auto, (max-width: 800px) 100vw, 800px\" \/><\/p>\n<p>&nbsp;<\/p>\n<p class=\"p1\"><span style=\"font-size: 18pt;\"><strong>El grupo asegura en el comunicado que el PRI todav\u00eda tiene mucho que aportar al futuro del pa\u00eds, \u201cTenemos una filosof\u00eda pol\u00edtica y social que responde a los retos del M\u00e9xico de hoy. Somos un Partido constructor de instituciones, como lo hemos demostrado a lo largo de la historia. Son mucho m\u00e1s los positivos\u201d.<\/strong><\/span><\/p>\n<p>&nbsp;<\/p>\n<p class=\"p1\"><span style=\"font-size: 18pt;\"><strong>PROPUESTA A MILITANTES<\/strong><\/span><\/p>\n<p class=\"p1\"><span style=\"font-size: 14pt;\">Ante lo anterior expuesto, el grupo pide la inmediata renovaci\u00f3n de la Dirigencia Nacional, \u201ca fin de iniciar una nueva etapa con una dirigencia incluyente y de amplios consensos, para enfrentar los tiempos cruciales que vienen\u201d.<\/span><\/p>\n<blockquote>\n<p class=\"p1\"><span style=\"font-size: 14pt;\">No se trata abrir un debate sobre per\u00edodos estatutarios de dirigencia; es una consecuencia del balance de resultados frente a los retos inmediatos; es una cuesti\u00f3n de \u00e9tica pol\u00edtica, de honestidad responsable, de dignidad y de atenci\u00f3n al inter\u00e9s superior del Partido\u201d.<\/span><\/p>\n<\/blockquote>\n<p class=\"p1\"><span style=\"font-size: 14pt;\">Por lo pronto, el grupo \u00ab<strong><em>Frente Nacional Democracia y Justicia\u00bb<\/em><\/strong> pide que se revise la integraci\u00f3n del Consejo Pol\u00edtico Nacional y de los Consejos Estatales, a fin de elegir de forma incluyente, los \u00f3rganos de gobierno del Partido.<\/span><\/p>\n<p class=\"p1\"><span style=\"font-size: 18pt;\"><strong>Adem\u00e1s que se convoque a una Asamblea Nacional Extraordinaria para actualizar estructuras, renovar estrategias y, sobre todo, para elaborar un Proyecto Alternativo de Naci\u00f3n, que sea referente para todos los puestos de representaci\u00f3n nacional del Partido y que constituya la alianza electoral \u201cVa por M\u00e9xico\u201d, en una aut\u00e9ntica propuesta de gobierno de coalici\u00f3n.<\/strong><\/span><\/p>\n<p class=\"p1\"><span style=\"font-size: 14pt;\">La anteriores propuestas son un llamado a los priistas, a hacer una reflexi\u00f3n profunda sobre el futuro del partido. <\/span><\/p>\n<blockquote>\n<p class=\"p1\"><span style=\"font-size: 14pt;\">Invitamos a los dirigentes hist\u00f3ricos, a los l\u00edderes actuales, a los excandidatos, y sobre todo a los millones de militantes y simpatizantes, a no dejar que nuestro Partido desaparezca ante intereses particulares que nada tienen que ver con los de M\u00e9xico\u201d<\/span><\/p>\n<\/blockquote>\n<p class=\"p1\"><span style=\"font-size: 18pt;\"><strong>De hecho, convocan a la unidad partidaria en un marco de principios y valores para fortalecer y modernizar al Partido. \u201cUn PRI d\u00e9bil no conviene a nadie: no conviene a la democracia mexicana y la pluralidad pol\u00edtica, no conviene a la Alianza por M\u00e9xico, no conviene al pa\u00eds\u201d. <\/strong><\/span><\/p>\n<p>&nbsp;<\/p>\n<p>&nbsp;<\/p>\n<p>&nbsp;<\/p>\n<p>&nbsp;<\/p>\n","protected":false},"excerpt":{"rendered":"<p>&nbsp; Ciudad de M\u00e9xico. El grupo del Partido Revolucionario Institucional (PRI)\u00a0\u201cFrente Nacional Democracia y Justicia Social\u201d convoca a los militantes<\/p>\n","protected":false},"author":4,"featured_media":5098,"comment_status":"closed","ping_status":"closed","sticky":false,"template":"","format":"standard","meta":{"colormag_page_container_layout":"default_layout","colormag_page_sidebar_layout":"default_layout","_jetpack_memberships_contains_paid_content":false,"footnotes":"","jetpack_publicize_message":"","jetpack_publicize_feature_enabled":true,"jetpack_social_post_already_shared":false,"jetpack_social_options":{"image_generator_settings":{"template":"highway","default_image_id":0,"font":"","enabled":false},"version":2}},"categories":[4],"tags":[485,876,194,877],"class_list":["post-5089","post","type-post","status-publish","format-standard","has-post-thumbnail","hentry","category-nacional","tag-elecciones","tag-frente-nacional-democracia-y-justicia-social","tag-pri","tag-renovacion-de-dirigencia"],"jetpack_publicize_connections":[],"jetpack_featured_media_url":"https:\/\/noticiasveracruz.com\/wp-content\/uploads\/2022\/06\/FTjERtlWQAEOgUC.jpeg","jetpack_sharing_enabled":true,"publishpress_future_action":{"enabled":false,"date":"2026-05-07 04:37:59","action":"change-status","newStatus":"draft","terms":[],"taxonomy":"category","extraData":[]},"publishpress_future_workflow_manual_trigger":{"enabledWorkflows":[]},"_links":{"self":[{"href":"https:\/\/noticiasveracruz.com\/index.php\/wp-json\/wp\/v2\/posts\/5089","targetHints":{"allow":["GET"]}}],"collection":[{"href":"https:\/\/noticiasveracruz.com\/index.php\/wp-json\/wp\/v2\/posts"}],"about":[{"href":"https:\/\/noticiasveracruz.com\/index.php\/wp-json\/wp\/v2\/types\/post"}],"author":[{"embeddable":true,"href":"https:\/\/noticiasveracruz.com\/index.php\/wp-json\/wp\/v2\/users\/4"}],"replies":[{"embeddable":true,"href":"https:\/\/noticiasveracruz.com\/index.php\/wp-json\/wp\/v2\/comments?post=5089"}],"version-history":[{"count":0,"href":"https:\/\/noticiasveracruz.com\/index.php\/wp-json\/wp\/v2\/posts\/5089\/revisions"}],"wp:featuredmedia":[{"embeddable":true,"href":"https:\/\/noticiasveracruz.com\/index.php\/wp-json\/wp\/v2\/media\/5098"}],"wp:attachment":[{"href":"https:\/\/noticiasveracruz.com\/index.php\/wp-json\/wp\/v2\/media?parent=5089"}],"wp:term":[{"taxonomy":"category","embeddable":true,"href":"https:\/\/noticiasveracruz.com\/index.php\/wp-json\/wp\/v2\/categories?post=5089"},{"taxonomy":"post_tag","embeddable":true,"href":"https:\/\/noticiasveracruz.com\/index.php\/wp-json\/wp\/v2\/tags?post=5089"}],"curies":[{"name":"wp","href":"https:\/\/api.w.org\/{rel}","templated":true}]}}