{"id":50881,"date":"2025-02-22T00:09:08","date_gmt":"2025-02-22T06:09:08","guid":{"rendered":"https:\/\/noticiasveracruz.com\/?p=50881"},"modified":"2025-02-21T20:46:58","modified_gmt":"2025-02-22T02:46:58","slug":"aranceles-y-recortes-del-gasto-publico-frenan-la-actividad-empresarial-en-eu","status":"publish","type":"post","link":"https:\/\/noticiasveracruz.com\/index.php\/2025\/02\/22\/aranceles-y-recortes-del-gasto-publico-frenan-la-actividad-empresarial-en-eu\/","title":{"rendered":"Aranceles y recortes del gasto p\u00fablico frenan la actividad empresarial en EU"},"content":{"rendered":"<p>La actividad empresarial de Estados Unidos se estanc\u00f3 en febrero, en medio de crecientes temores sobre los aranceles a las importaciones y profundos recortes al gasto del gobierno federal, borrando todas las ganancias anotadas tras la victoria electoral del presidente Donald Trump.<\/p>\n<p>La ca\u00edda de la actividad a un m\u00ednimo de 17 meses reportada por S&amp;P Global el viernes es la m\u00e1s reciente de una serie de encuestas que sugieren que las empresas y los consumidores est\u00e1n cada vez m\u00e1s nerviosos por las pol\u00edticas del gobierno de Trump.<\/p>\n<p>El sentimiento empresarial y de los consumidores se dispar\u00f3 tras la victoria del republicano el 5 de noviembre por las esperanzas de regulaciones menos estrictas, recortes de impuestos y baja inflaci\u00f3n.<\/p>\n<p>\u201cLas empresas reportan preocupaciones generalizadas sobre el impacto de las pol\u00edticas del gobierno federal, que van desde recortes de gastos hasta aranceles y desarrollos geopol\u00edticos\u201d, dijo Chris Williamson, economista jefe de negocios de S&amp;P Global Market Intelligence.<\/p>\n<p>\u201cSeg\u00fan los informes, las ventas se est\u00e1n viendo afectadas por la incertidumbre causada por el cambiante panorama pol\u00edtico, y los precios est\u00e1n subiendo en medio de las alzas de precios de los proveedores relacionadas con los aranceles\u201d.<\/p>\n<p>El \u00edndice PMI compuesto de producci\u00f3n de Estados Unidos de S&amp;P Global, que analiza los sectores manufacturero y de servicios, cay\u00f3 a 50.4 este mes. Se trata de la lectura m\u00e1s baja desde septiembre de 2023, frente a 52.7 de enero. Una lectura por encima de 50 indica expansi\u00f3n en el sector privado.<\/p>\n<p>La ca\u00edda del PMI se debi\u00f3 al sector servicios, que se contrajo por primera vez desde enero de 2023.<\/p>\n","protected":false},"excerpt":{"rendered":"<p>La actividad empresarial de Estados Unidos se estanc\u00f3 en febrero, en medio de crecientes temores sobre los aranceles a las<\/p>\n","protected":false},"author":4,"featured_media":50882,"comment_status":"closed","ping_status":"closed","sticky":false,"template":"","format":"standard","meta":{"colormag_page_container_layout":"default_layout","colormag_page_sidebar_layout":"default_layout","_jetpack_memberships_contains_paid_content":false,"footnotes":"","jetpack_publicize_message":"","jetpack_publicize_feature_enabled":true,"jetpack_social_post_already_shared":true,"jetpack_social_options":{"image_generator_settings":{"template":"highway","default_image_id":0,"font":"","enabled":false},"version":2}},"categories":[1947],"tags":[],"class_list":["post-50881","post","type-post","status-publish","format-standard","has-post-thumbnail","hentry","category-economia"],"jetpack_publicize_connections":[],"jetpack_featured_media_url":"https:\/\/noticiasveracruz.com\/wp-content\/uploads\/2025\/02\/ec-1.jpg","jetpack_sharing_enabled":true,"publishpress_future_action":{"enabled":false,"date":"2026-05-08 11:59:08","action":"change-status","newStatus":"draft","terms":[],"taxonomy":"category","extraData":[]},"publishpress_future_workflow_manual_trigger":{"enabledWorkflows":[]},"_links":{"self":[{"href":"https:\/\/noticiasveracruz.com\/index.php\/wp-json\/wp\/v2\/posts\/50881","targetHints":{"allow":["GET"]}}],"collection":[{"href":"https:\/\/noticiasveracruz.com\/index.php\/wp-json\/wp\/v2\/posts"}],"about":[{"href":"https:\/\/noticiasveracruz.com\/index.php\/wp-json\/wp\/v2\/types\/post"}],"author":[{"embeddable":true,"href":"https:\/\/noticiasveracruz.com\/index.php\/wp-json\/wp\/v2\/users\/4"}],"replies":[{"embeddable":true,"href":"https:\/\/noticiasveracruz.com\/index.php\/wp-json\/wp\/v2\/comments?post=50881"}],"version-history":[{"count":0,"href":"https:\/\/noticiasveracruz.com\/index.php\/wp-json\/wp\/v2\/posts\/50881\/revisions"}],"wp:featuredmedia":[{"embeddable":true,"href":"https:\/\/noticiasveracruz.com\/index.php\/wp-json\/wp\/v2\/media\/50882"}],"wp:attachment":[{"href":"https:\/\/noticiasveracruz.com\/index.php\/wp-json\/wp\/v2\/media?parent=50881"}],"wp:term":[{"taxonomy":"category","embeddable":true,"href":"https:\/\/noticiasveracruz.com\/index.php\/wp-json\/wp\/v2\/categories?post=50881"},{"taxonomy":"post_tag","embeddable":true,"href":"https:\/\/noticiasveracruz.com\/index.php\/wp-json\/wp\/v2\/tags?post=50881"}],"curies":[{"name":"wp","href":"https:\/\/api.w.org\/{rel}","templated":true}]}}