{"id":50872,"date":"2025-02-22T00:06:36","date_gmt":"2025-02-22T06:06:36","guid":{"rendered":"https:\/\/noticiasveracruz.com\/?p=50872"},"modified":"2025-02-21T20:40:21","modified_gmt":"2025-02-22T02:40:21","slug":"invita-sheinbaum-a-pueblos-indigenas-a-participar-en-eleccion-judicial","status":"publish","type":"post","link":"https:\/\/noticiasveracruz.com\/index.php\/2025\/02\/22\/invita-sheinbaum-a-pueblos-indigenas-a-participar-en-eleccion-judicial\/","title":{"rendered":"Invita Sheinbaum a pueblos ind\u00edgenas a participar en elecci\u00f3n judicial"},"content":{"rendered":"<p>La presidenta Claudia Sheinbaum Pardo hizo un llamado este viernes a los pueblos ind\u00edgenas a participar en las elecciones del Poder Judicial que se llevar\u00e1n a cabo el pr\u00f3ximo 1 de junio y enfatiz\u00f3 la importancia de que un representante ind\u00edgena llegue a la Suprema Corte de Justicia de la Naci\u00f3n (SCJN).<\/p>\n<p>\u201cQueremos muchos Benito Ju\u00e1rez en la Suprema Corte\u201d, afirm\u00f3 Sheinbaum Pardo durante la ceremonia de evaluaci\u00f3n del Plan de Justicia para los pueblos O&#8217;dam, Au&#8217;dam, Wix\u00e1rika y Mexikan. Acompa\u00f1ada por el gobernador de Durango, Esteban Villegas Villarreal, y miembros de su gabinete, la presidenta destac\u00f3 la necesidad de reconocer a los pueblos originarios como la esencia de M\u00e9xico.<\/p>\n<p>\u201cDurante demasiados a\u00f1os los pueblos originarios siempre se ve\u00edan como algo aparte, pero nosotros los vemos como la esencia de M\u00e9xico. Sin ellos, no habr\u00eda M\u00e9xico\u201d, declar\u00f3 la jefa del Ejecutivo, y subray\u00f3 la importancia de preservar las lenguas, culturas, tierras, historias y ancestros de los pueblos ind\u00edgenas, ya que sostuvo que perder estas tradiciones significar\u00eda perder la identidad nacional.<\/p>\n<p>La presidenta, quien antes del acto protocolario particip\u00f3 en una ceremonia tradicional en la que le fue entregado un bast\u00f3n de mando, resalt\u00f3 la relevancia de la justicia social como un pilar fundamental del pa\u00eds, y subray\u00f3 que en muchas partes de Am\u00e9rica Latina la palabra \u201cjusticia\u201d ha dejado de escucharse.<\/p>\n<p>\u201cLo que queremos para M\u00e9xico siempre es justicia: justicia social, justicia para los pueblos, justicia para las mujeres y tambi\u00e9n un verdadero sistema de justicia que funcione en nuestro pa\u00eds\u201d, expres\u00f3.<\/p>\n<p>Destac\u00f3 la relevancia de la elecci\u00f3n del 1 de junio, en la que, adem\u00e1s de presidentes municipales, los ciudadanos podr\u00e1n elegir jueces, magistrados y ministros de la SCJN. \u201cSomos el \u00fanico pa\u00eds del mundo que elige a su Poder Judicial, por eso digo que la Cuarta Transformaci\u00f3n tambi\u00e9n representa justicia, libertad y democracia\u201d, afirm\u00f3.<\/p>\n","protected":false},"excerpt":{"rendered":"<p>La presidenta Claudia Sheinbaum Pardo hizo un llamado este viernes a los pueblos ind\u00edgenas a participar en las elecciones del<\/p>\n","protected":false},"author":4,"featured_media":50873,"comment_status":"closed","ping_status":"closed","sticky":false,"template":"","format":"standard","meta":{"colormag_page_container_layout":"default_layout","colormag_page_sidebar_layout":"default_layout","_jetpack_memberships_contains_paid_content":false,"footnotes":"","jetpack_publicize_message":"","jetpack_publicize_feature_enabled":true,"jetpack_social_post_already_shared":true,"jetpack_social_options":{"image_generator_settings":{"template":"highway","default_image_id":0,"font":"","enabled":false},"version":2}},"categories":[4],"tags":[],"class_list":["post-50872","post","type-post","status-publish","format-standard","has-post-thumbnail","hentry","category-nacional"],"jetpack_publicize_connections":[],"jetpack_featured_media_url":"https:\/\/noticiasveracruz.com\/wp-content\/uploads\/2025\/02\/se.jpg","jetpack_sharing_enabled":true,"publishpress_future_action":{"enabled":false,"date":"2026-05-10 03:43:21","action":"change-status","newStatus":"draft","terms":[],"taxonomy":"category","extraData":[]},"publishpress_future_workflow_manual_trigger":{"enabledWorkflows":[]},"_links":{"self":[{"href":"https:\/\/noticiasveracruz.com\/index.php\/wp-json\/wp\/v2\/posts\/50872","targetHints":{"allow":["GET"]}}],"collection":[{"href":"https:\/\/noticiasveracruz.com\/index.php\/wp-json\/wp\/v2\/posts"}],"about":[{"href":"https:\/\/noticiasveracruz.com\/index.php\/wp-json\/wp\/v2\/types\/post"}],"author":[{"embeddable":true,"href":"https:\/\/noticiasveracruz.com\/index.php\/wp-json\/wp\/v2\/users\/4"}],"replies":[{"embeddable":true,"href":"https:\/\/noticiasveracruz.com\/index.php\/wp-json\/wp\/v2\/comments?post=50872"}],"version-history":[{"count":0,"href":"https:\/\/noticiasveracruz.com\/index.php\/wp-json\/wp\/v2\/posts\/50872\/revisions"}],"wp:featuredmedia":[{"embeddable":true,"href":"https:\/\/noticiasveracruz.com\/index.php\/wp-json\/wp\/v2\/media\/50873"}],"wp:attachment":[{"href":"https:\/\/noticiasveracruz.com\/index.php\/wp-json\/wp\/v2\/media?parent=50872"}],"wp:term":[{"taxonomy":"category","embeddable":true,"href":"https:\/\/noticiasveracruz.com\/index.php\/wp-json\/wp\/v2\/categories?post=50872"},{"taxonomy":"post_tag","embeddable":true,"href":"https:\/\/noticiasveracruz.com\/index.php\/wp-json\/wp\/v2\/tags?post=50872"}],"curies":[{"name":"wp","href":"https:\/\/api.w.org\/{rel}","templated":true}]}}