{"id":50846,"date":"2025-02-21T00:20:47","date_gmt":"2025-02-21T06:20:47","guid":{"rendered":"https:\/\/noticiasveracruz.com\/?p=50846"},"modified":"2025-02-20T21:46:32","modified_gmt":"2025-02-21T03:46:32","slug":"garantias-de-seguridad-europeas-para-ucrania-requieren-apoyo-de-eu-otan","status":"publish","type":"post","link":"https:\/\/noticiasveracruz.com\/index.php\/2025\/02\/21\/garantias-de-seguridad-europeas-para-ucrania-requieren-apoyo-de-eu-otan\/","title":{"rendered":"Garant\u00edas de seguridad europeas para Ucrania requieren apoyo de EU: OTAN"},"content":{"rendered":"<p>Las garant\u00edas de seguridad que los pa\u00edses europeos extiendan a Ucrania necesitar\u00e1n el apoyo de Estados Unidos, dijo este jueves el secretario general de la OTAN, el neerland\u00e9s Mark Rutte.<\/p>\n<p>\u00abLas garant\u00edas de seguridad fuertes que sean proporcionadas por los pa\u00edses europeos, necesitan un apoyo por parte de Estados Unidos (&#8230;) para asegurarnos de que el elemento de disuasi\u00f3n est\u00e9 presente\u00bb, afirm\u00f3 Rutte durante una visita a Eslovaquia.<\/p>\n<p>De acuerdo con Rutte, el respaldo de Estados Unidos es requerido porque ese pa\u00eds \u00abproporciona ciertas capacidades (&#8230;) necesarias para que los europeos puedan ayudar\u00bb.<\/p>\n<p>Los aliados europeos de Ucrania est\u00e1n movilizados para definir un plan despu\u00e9s que los contactos directos entre Estados Unidos y Rusia los dejaron fuera de la mesa de negociaciones.<\/p>\n<p>El gobierno brit\u00e1nico anunci\u00f3 su disposici\u00f3n de enviar tropas, caso sea necesario, al territorio de Ucrania para verificar que un eventual cese de hostilidades sea duradero, pero adelant\u00f3 que era necesaria la participaci\u00f3n de EU.<\/p>\n<p>Ucrania, por su parte, insiste en que el pa\u00eds precisa de garant\u00edas de seguridad para que, en caso de un cese de las hostilidades, Rusia no invada nuevamente su territorio.<\/p>\n<p>Para Rutte, \u00abes vital que cualquier acuerdo alcanzado permita una paz duradera, y que Rusia nunca m\u00e1s trate de tomar un kil\u00f3metro de tierra ucrania\u00bb.<\/p>\n<p>Aunque admiti\u00f3 que a\u00fan \u00abhay muchas cosas que a\u00fan se deben decidir\u00bb, agreg\u00f3 que \u00abno ninguna duda de que Europa tiene un papel central a desempe\u00f1ar en garantizar la paz en Ucrania\u00bb.<\/p>\n","protected":false},"excerpt":{"rendered":"<p>Las garant\u00edas de seguridad que los pa\u00edses europeos extiendan a Ucrania necesitar\u00e1n el apoyo de Estados Unidos, dijo este jueves<\/p>\n","protected":false},"author":4,"featured_media":50847,"comment_status":"closed","ping_status":"closed","sticky":false,"template":"","format":"standard","meta":{"colormag_page_container_layout":"default_layout","colormag_page_sidebar_layout":"default_layout","_jetpack_memberships_contains_paid_content":false,"footnotes":"","jetpack_publicize_message":"","jetpack_publicize_feature_enabled":true,"jetpack_social_post_already_shared":true,"jetpack_social_options":{"image_generator_settings":{"template":"highway","default_image_id":0,"font":"","enabled":false},"version":2}},"categories":[355],"tags":[],"class_list":["post-50846","post","type-post","status-publish","format-standard","has-post-thumbnail","hentry","category-internacional"],"jetpack_publicize_connections":[],"jetpack_featured_media_url":"https:\/\/noticiasveracruz.com\/wp-content\/uploads\/2025\/02\/OT.jpg","jetpack_sharing_enabled":true,"publishpress_future_action":{"enabled":false,"date":"2026-05-10 09:59:14","action":"change-status","newStatus":"draft","terms":[],"taxonomy":"category","extraData":[]},"publishpress_future_workflow_manual_trigger":{"enabledWorkflows":[]},"_links":{"self":[{"href":"https:\/\/noticiasveracruz.com\/index.php\/wp-json\/wp\/v2\/posts\/50846","targetHints":{"allow":["GET"]}}],"collection":[{"href":"https:\/\/noticiasveracruz.com\/index.php\/wp-json\/wp\/v2\/posts"}],"about":[{"href":"https:\/\/noticiasveracruz.com\/index.php\/wp-json\/wp\/v2\/types\/post"}],"author":[{"embeddable":true,"href":"https:\/\/noticiasveracruz.com\/index.php\/wp-json\/wp\/v2\/users\/4"}],"replies":[{"embeddable":true,"href":"https:\/\/noticiasveracruz.com\/index.php\/wp-json\/wp\/v2\/comments?post=50846"}],"version-history":[{"count":0,"href":"https:\/\/noticiasveracruz.com\/index.php\/wp-json\/wp\/v2\/posts\/50846\/revisions"}],"wp:featuredmedia":[{"embeddable":true,"href":"https:\/\/noticiasveracruz.com\/index.php\/wp-json\/wp\/v2\/media\/50847"}],"wp:attachment":[{"href":"https:\/\/noticiasveracruz.com\/index.php\/wp-json\/wp\/v2\/media?parent=50846"}],"wp:term":[{"taxonomy":"category","embeddable":true,"href":"https:\/\/noticiasveracruz.com\/index.php\/wp-json\/wp\/v2\/categories?post=50846"},{"taxonomy":"post_tag","embeddable":true,"href":"https:\/\/noticiasveracruz.com\/index.php\/wp-json\/wp\/v2\/tags?post=50846"}],"curies":[{"name":"wp","href":"https:\/\/api.w.org\/{rel}","templated":true}]}}