{"id":50840,"date":"2025-02-21T00:18:19","date_gmt":"2025-02-21T06:18:19","guid":{"rendered":"https:\/\/noticiasveracruz.com\/?p=50840"},"modified":"2025-02-20T21:43:04","modified_gmt":"2025-02-21T03:43:04","slug":"maduro-insta-a-trump-a-conocer-la-verdad-sobre-financiamiento-del-tren-de-aragua","status":"publish","type":"post","link":"https:\/\/noticiasveracruz.com\/index.php\/2025\/02\/21\/maduro-insta-a-trump-a-conocer-la-verdad-sobre-financiamiento-del-tren-de-aragua\/","title":{"rendered":"Maduro insta a Trump a conocer la \u00abverdad\u00bb sobre financiamiento del Tren de Aragua"},"content":{"rendered":"<p>El presidente de Venezuela, Nicol\u00e1s Maduro, inst\u00f3 este jueves a su hom\u00f3logo estadunidense, Donald Trump, a revisar los informes sobre el grupo criminal Tren de Aragua, a fin de que conozca la \u00abverdad\u00bb sobre los responsables del financiamiento de dicha banda delictiva.<\/p>\n<p>\u00abLe digo al presidente Donald Trump, con respeto, que pida los informes de los \u00faltimos cuatro a\u00f1os del FBI (Bur\u00f3 Federal de Investigaci\u00f3n, siglas en ingl\u00e9s) y la DEA (Administraci\u00f3n de Control de Drogas) de las oficinas en Colombia para que usted vea qui\u00e9nes financiaron, movieron y dirigieron al famoso Tren de Aragua, qui\u00e9nes lo llevaron a Colombia y EU\u00bb, expres\u00f3 Maduro durante una alocuci\u00f3n\u200b\u200b\u200b.<\/p>\n<p>Al respecto, se\u00f1al\u00f3 que desde Colombia se pretendi\u00f3 utilizar a este grupo criminal para impulsar actos terroristas en Venezuela.<\/p>\n<p>\u00abPida los informes ver\u00eddicos que aqu\u00ed en Venezuela nosotros derrotamos, desmembramos y acabamos con ese grupo delincuencial violento que pretendi\u00f3 utilizarse desde Colombia con lazos profundos con la antigua administraci\u00f3n Biden para traer terrorismo a Venezuela\u00bb, coment\u00f3.<\/p>\n<p>Asimismo, Maduro asegur\u00f3 que los migrantes de su pa\u00eds \u00abno son delincuentes\u00bb, sino ciudadanos que salieron de Venezuela producto de las sanciones econ\u00f3micas impuestas contra el pa\u00eds.<\/p>\n<p>Maduro ofreci\u00f3 las declaraciones poco despu\u00e9s del anuncio de la repatriaci\u00f3n de un grupo de connacionales trasladados desde EU a la base naval de Guant\u00e1namo.<\/p>\n<p>Por su parte, la Canciller\u00eda de Honduras confirm\u00f3 su colaboraci\u00f3n con la repatriaci\u00f3n de los 170 migrantes venezolanos deportados por EU, en un esfuerzo conjunto por garantizar la protecci\u00f3n humanitaria y la solidaridad con los migrantes en la regi\u00f3n.<\/p>\n<p>Adem\u00e1s, ante la decisi\u00f3n de Washington de designar como \u00abterroristas\u00bb a distintas organizaciones, incluido el Tren de Aragua, la administraci\u00f3n de Maduro ratific\u00f3 que dicha \u00abestructura criminal fue desmantelada en Venezuela\u00bb.<\/p>\n","protected":false},"excerpt":{"rendered":"<p>El presidente de Venezuela, Nicol\u00e1s Maduro, inst\u00f3 este jueves a su hom\u00f3logo estadunidense, Donald Trump, a revisar los informes sobre<\/p>\n","protected":false},"author":4,"featured_media":50823,"comment_status":"closed","ping_status":"closed","sticky":false,"template":"","format":"standard","meta":{"colormag_page_container_layout":"default_layout","colormag_page_sidebar_layout":"default_layout","_jetpack_memberships_contains_paid_content":false,"footnotes":"","jetpack_publicize_message":"","jetpack_publicize_feature_enabled":true,"jetpack_social_post_already_shared":true,"jetpack_social_options":{"image_generator_settings":{"template":"highway","default_image_id":0,"font":"","enabled":false},"version":2}},"categories":[355],"tags":[],"class_list":["post-50840","post","type-post","status-publish","format-standard","has-post-thumbnail","hentry","category-internacional"],"jetpack_publicize_connections":[],"jetpack_featured_media_url":"https:\/\/noticiasveracruz.com\/wp-content\/uploads\/2025\/02\/HIRO9-12.jpg","jetpack_sharing_enabled":true,"publishpress_future_action":{"enabled":false,"date":"2026-05-10 07:59:22","action":"change-status","newStatus":"draft","terms":[],"taxonomy":"category","extraData":[]},"publishpress_future_workflow_manual_trigger":{"enabledWorkflows":[]},"_links":{"self":[{"href":"https:\/\/noticiasveracruz.com\/index.php\/wp-json\/wp\/v2\/posts\/50840","targetHints":{"allow":["GET"]}}],"collection":[{"href":"https:\/\/noticiasveracruz.com\/index.php\/wp-json\/wp\/v2\/posts"}],"about":[{"href":"https:\/\/noticiasveracruz.com\/index.php\/wp-json\/wp\/v2\/types\/post"}],"author":[{"embeddable":true,"href":"https:\/\/noticiasveracruz.com\/index.php\/wp-json\/wp\/v2\/users\/4"}],"replies":[{"embeddable":true,"href":"https:\/\/noticiasveracruz.com\/index.php\/wp-json\/wp\/v2\/comments?post=50840"}],"version-history":[{"count":0,"href":"https:\/\/noticiasveracruz.com\/index.php\/wp-json\/wp\/v2\/posts\/50840\/revisions"}],"wp:featuredmedia":[{"embeddable":true,"href":"https:\/\/noticiasveracruz.com\/index.php\/wp-json\/wp\/v2\/media\/50823"}],"wp:attachment":[{"href":"https:\/\/noticiasveracruz.com\/index.php\/wp-json\/wp\/v2\/media?parent=50840"}],"wp:term":[{"taxonomy":"category","embeddable":true,"href":"https:\/\/noticiasveracruz.com\/index.php\/wp-json\/wp\/v2\/categories?post=50840"},{"taxonomy":"post_tag","embeddable":true,"href":"https:\/\/noticiasveracruz.com\/index.php\/wp-json\/wp\/v2\/tags?post=50840"}],"curies":[{"name":"wp","href":"https:\/\/api.w.org\/{rel}","templated":true}]}}