{"id":50837,"date":"2025-02-21T00:17:07","date_gmt":"2025-02-21T06:17:07","guid":{"rendered":"https:\/\/noticiasveracruz.com\/?p=50837"},"modified":"2025-02-20T21:40:58","modified_gmt":"2025-02-21T03:40:58","slug":"aplica-milei-la-motosierra-y-ordena-privatizar-banco-de-la-nacion-argentina","status":"publish","type":"post","link":"https:\/\/noticiasveracruz.com\/index.php\/2025\/02\/21\/aplica-milei-la-motosierra-y-ordena-privatizar-banco-de-la-nacion-argentina\/","title":{"rendered":"Aplica Milei la motosierra y ordena privatizar Banco de la Naci\u00f3n Argentina"},"content":{"rendered":"<div id=\"article-content-tts\" class=\"nota-contenido mb-5\">\n<div id=\"content_nitf\">\n<p>Antes de viajar a Estados Unidos el ultraderechista presidente, Javier Milei, volvi\u00f3 a aplicar la motosierra con un decreto por el cual el Banco de la Naci\u00f3n Argentina (BNA) fue convertido en una sociedad an\u00f3nima, paso previo a la privatizaci\u00f3n anunciada hace tiempo y en forma desafiante incluy\u00f3 en su viaje a \u00faltimo momento a Santiago Caputo, asesor y consejero en la mira del periodismo por el esc\u00e1ndalo de la entrevista presidencial censurada esta semana, mientras las fuerzas de Seguridad reprimieron movilizaciones de los jubilados y afiliados de la Asociaci\u00f3n de Trabajadores del Estado (ATE), en una demostraci\u00f3n de que sigue con su plan de desmantelar todo con rapidez.<\/p>\n<p>El tema fuerte de este d\u00eda fue el decreto que establece \u00abla transformaci\u00f3n del ente aut\u00e1rquico Banco de la Naci\u00f3n Argentina en Banco de la Naci\u00f3n Argentina Sociedad An\u00f3nima\u00bb.<\/p>\n<p>\u201cEn la madrugada, bien al estilo de las oscuridades de este gobierno, sali\u00f3 un decreto donde el presidente transforma el Banco Naci\u00f3n en una sociedad an\u00f3nima lo que a todas luces es un gran negociado\u201d, dijo el diputado de la peronista Uni\u00f3n por la Patria y secretario general de la Asociaci\u00f3n Bancaria Sergio Palazzo.<\/p>\n<p>Remarc\u00f3 que esta decisi\u00f3n se toma en medio del esc\u00e1ndalo de la estafa con $Libra \u201cque salpica al presidente hace ya a casi una semana y que no puede sacar de agenda\u201d. Es el mismo mandatario que est\u00e1 denunciado por estafador, al que investiga la Oficina Federal de Investigaciones y que entre otras medidas sac\u00f3 reservas de oro del pa\u00eds \u201cy nadie sabe d\u00f3nde est\u00e1n\u201d.<\/p>\n<p>Advirti\u00f3 que el sindicato de la Asociaci\u00f3n Bancaria dar\u00e1 a conocer el plan de lucha contra la privatizaci\u00f3n de la instituci\u00f3n, cuyo valor es de de 30 mil millones de d\u00f3lares, y dijo que espera que los legisladores \u201crechacen cualquier intento de privatizaci\u00f3n parcial o total\u201d.<\/p>\n<p>El diputado y presidente del Banco Credicoop (solidario), Carlos Heller dijo que la decisi\u00f3n sobre el BNA es una \u201casignatura pendiente que qued\u00f3 del menemismo, el gobierno de Carlos Menem (1989 1999)\u201d. Declar\u00f3 a Radio 750, una de las m\u00e1s respetadas del pa\u00eds, que se trata del \u201cprincipal banco de Argentina. Tiene la red de sucursales m\u00e1s grande del pa\u00eds.\u00a0Est\u00e1 en los lugares donde a los otros no les interesa estar\u201d.<\/p>\n<p>El ex presidente del Banco Central Miguel \u00c1ngel Pesce indic\u00f3 que \u201cno se entiende (el decreto) por qu\u00e9 no hay ninguna raz\u00f3n para iniciar un proceso de reconversi\u00f3n en sociedad an\u00f3nima ni privatizaci\u00f3n, ya que el banco est\u00e1 s\u00f3lido en capitales, en rentabilidades, en activos. Es insistir en un tema que ya ha sido descartado muchas veces\u201d, aclar\u00f3 en P\u00e1gina\/12.<\/p>\n<p>Seg\u00fan Eduardo Berrozpe, dirigente bancario y coordinador del Foro Econom\u00eda y Trabajo, es un \u201cmanotazo\u201d de Milei en el marco del nuevo viaje a Estados Unidos para buscar fondos que no llegan, y consider\u00f3 que \u201cen su desesperaci\u00f3n de la \u201ccriptoestafa\u201d, ten\u00eda que llevar algo.<\/p>\n<p>En tanto, la hermana del mandatario Karina Milei sigue en el centro de una avalancha de denuncias y apareciendo como la intermediaria que acompa\u00f1\u00f3 en todo momento a Milei en los encuentros con los empresarios que manejan las criptomonedas, a los que ella misma acompa\u00f1\u00f3 a la Casa Rosada para entrevistas, que prepar\u00f3, y, al parecer cobr\u00f3, como secretaria general de la Presidencia.<\/p>\n<p>In\u00fatilmente quieren demostrar que el jefe de Estado \u201cingenuamente\u201d fue introducido en el esc\u00e1ndalo, aunque no s\u00f3lo existen anteriores participaciones como en los casos de las criptomonedas Conex y Vulcano, cuando era diputado, que terminaron en estafas de menor volumen y que pasaron inadvertidas.<\/p>\n<p>Hoy aparecieron nuevas fotograf\u00edas de Milei con Hayden Mark Davis, el creador de la memecoin $Libra que llev\u00f3 a la escandalosa estafa dejando una cantidad de afectados, y ya hay causas judiciales en Estados Unido y Argentina. Las im\u00e1genes no fueron tomadas en la Casa Rosada, lo que evidencia que si se dieron entrevistas antes del megafraude.<\/p>\n<p>Miei dej\u00f3 tambi\u00e9n otro mensaje y es que la violencia estatal continuar\u00e1 y por lo que se ve aumentar\u00e1, luego de la brutal represi\u00f3n contra jubilados en su protesta pac\u00edfica de los mi\u00e9rcoles, por decisi\u00f3n de la ministra de Seguridad, Patricia Bullrich que envi\u00f3 a las fuerzas de la Polic\u00eda Federal y la Prefectura.<\/p>\n<p>Este jueves la represi\u00f3n con palos y gases lacrim\u00f3genos especiales alcanz\u00f3 a los manifestantes de la ATE que marcharon ante el ministerio de Capital Humano en protesta y repudio a las pol\u00edtica de m\u00e1s ajustes que se propuso el gobierno, contra los despidos y el desguace de organismos estatales imprescindibles.<\/p>\n<p>El secretario general de la ATE Daniel Catalno dijo a\u00a0<em>La Jornada<\/em>\u00a0que la represi\u00f3n fue brutal ante la desesperante realidad que viven cuando al hambre de vastos sectores de la poblaci\u00f3n \u201cse a\u00f1aden los despidos aumentando la crueldad\u201d en el marco de una catarata de aumentos de todo, alimentos en especial, medicamentos remedios y hoy sabemos \u201cque aumenta el transporte en esta capital\u201d y las tarifas siguen llegando como una condena sobre la poblaci\u00f3n.<\/p>\n<\/div>\n<\/div>\n<div class=\"notas-relacionadas\"><\/div>\n<div class=\"nota-tags\"><\/div>\n","protected":false},"excerpt":{"rendered":"<p>Antes de viajar a Estados Unidos el ultraderechista presidente, Javier Milei, volvi\u00f3 a aplicar la motosierra con un decreto por<\/p>\n","protected":false},"author":4,"featured_media":50838,"comment_status":"closed","ping_status":"closed","sticky":false,"template":"","format":"standard","meta":{"colormag_page_container_layout":"default_layout","colormag_page_sidebar_layout":"default_layout","_jetpack_memberships_contains_paid_content":false,"footnotes":"","jetpack_publicize_message":"","jetpack_publicize_feature_enabled":true,"jetpack_social_post_already_shared":true,"jetpack_social_options":{"image_generator_settings":{"template":"highway","default_image_id":0,"font":"","enabled":false},"version":2}},"categories":[355],"tags":[],"class_list":["post-50837","post","type-post","status-publish","format-standard","has-post-thumbnail","hentry","category-internacional"],"jetpack_publicize_connections":[],"jetpack_featured_media_url":"https:\/\/noticiasveracruz.com\/wp-content\/uploads\/2025\/02\/MI-1.jpg","jetpack_sharing_enabled":true,"publishpress_future_action":{"enabled":false,"date":"2026-05-10 06:42:00","action":"change-status","newStatus":"draft","terms":[],"taxonomy":"category","extraData":[]},"publishpress_future_workflow_manual_trigger":{"enabledWorkflows":[]},"_links":{"self":[{"href":"https:\/\/noticiasveracruz.com\/index.php\/wp-json\/wp\/v2\/posts\/50837","targetHints":{"allow":["GET"]}}],"collection":[{"href":"https:\/\/noticiasveracruz.com\/index.php\/wp-json\/wp\/v2\/posts"}],"about":[{"href":"https:\/\/noticiasveracruz.com\/index.php\/wp-json\/wp\/v2\/types\/post"}],"author":[{"embeddable":true,"href":"https:\/\/noticiasveracruz.com\/index.php\/wp-json\/wp\/v2\/users\/4"}],"replies":[{"embeddable":true,"href":"https:\/\/noticiasveracruz.com\/index.php\/wp-json\/wp\/v2\/comments?post=50837"}],"version-history":[{"count":0,"href":"https:\/\/noticiasveracruz.com\/index.php\/wp-json\/wp\/v2\/posts\/50837\/revisions"}],"wp:featuredmedia":[{"embeddable":true,"href":"https:\/\/noticiasveracruz.com\/index.php\/wp-json\/wp\/v2\/media\/50838"}],"wp:attachment":[{"href":"https:\/\/noticiasveracruz.com\/index.php\/wp-json\/wp\/v2\/media?parent=50837"}],"wp:term":[{"taxonomy":"category","embeddable":true,"href":"https:\/\/noticiasveracruz.com\/index.php\/wp-json\/wp\/v2\/categories?post=50837"},{"taxonomy":"post_tag","embeddable":true,"href":"https:\/\/noticiasveracruz.com\/index.php\/wp-json\/wp\/v2\/tags?post=50837"}],"curies":[{"name":"wp","href":"https:\/\/api.w.org\/{rel}","templated":true}]}}