{"id":50834,"date":"2025-02-21T00:16:09","date_gmt":"2025-02-21T06:16:09","guid":{"rendered":"https:\/\/noticiasveracruz.com\/?p=50834"},"modified":"2025-02-20T21:38:48","modified_gmt":"2025-02-21T03:38:48","slug":"seguiran-juicios-politicos-contra-samuel-garcia-diputados-de-nl","status":"publish","type":"post","link":"https:\/\/noticiasveracruz.com\/index.php\/2025\/02\/21\/seguiran-juicios-politicos-contra-samuel-garcia-diputados-de-nl\/","title":{"rendered":"Seguir\u00e1n juicios pol\u00edticos contra Samuel Garc\u00eda: diputados de NL"},"content":{"rendered":"<p>A pesar de que el pasado 18 de febrero se destrab\u00f3 la aprobaci\u00f3n del Paquete Fiscal 2025 en Nuevo Le\u00f3n, y se escogi\u00f3 al nuevo fiscal general, Javier Flores Sald\u00edvar, los diputados del Pleno del Congreso del Estado de las bancadas del PRI, PAN y Morena, se\u00f1alaron que los juicios pol\u00edticos contra el gobernador Samuel Garc\u00eda Sep\u00falveda, van a continuar.<\/p>\n<p>A pesar de que coincidieron en darle seguimiento a los juicios<strong>\u00a0<\/strong>los legisladores difirieron en la sanci\u00f3n que podr\u00eda aplicarse a Garc\u00eda Sepulveda.<\/p>\n<p>Las bancadas consideraron que se iba a \u201canalizar\u201d el tema, luego de que el gobernador indic\u00f3 que ya no proced\u00eda ning\u00fan juicio pol\u00edtico en su contra.<\/p>\n<p>La coordinaci\u00f3n de PAN a cargo de Carlos de la Fuente, se\u00f1al\u00f3 que deben sancionar ante el ordenamiento del Tribunal Electoral del Poder Judicial de la Federaci\u00f3n (TEPJF).<\/p>\n<p>No obstante, el partido albiazul consider\u00f3 que esta acci\u00f3n se deb\u00eda hacer a trav\u00e9s de un consenso entre las siete bancadas (PRI, PAN, PRD, MC, PT, PVEM y Morena) para que se pudiera llegar a un acuerdo sobre la sanci\u00f3n hacia el titular del Poder Ejecutivo.<\/p>\n<p>\u201cNosotros debemos de encontrar una sanci\u00f3n para las irregularidades que cometi\u00f3 Garc\u00eda Sepulveda, hay que ver el alcance de estas sanciones en base al proceso jur\u00eddico\u201d, a\u00f1adi\u00f3 De la Fuente.<\/p>\n<p>Respecto a Morena, uno de los partidos que dio luz verde para que siguieran los juicios pol\u00edticos contra Garc\u00eda Sep\u00falveda, consideraron que en la sanci\u00f3n no se puede a\u00f1adir una destituci\u00f3n del cargo, ya que mencionaron, esa acci\u00f3n era parte de un \u201crevanchismo pol\u00edtico\u201d, al cual no iban a unirse.<\/p>\n<p>\u201cLa postura de Morena que tomamos en la Comisi\u00f3n Anticorrupci\u00f3n fue votar en abstenci\u00f3n, porque no somos parte de un revanchismo pol\u00edtico\u201d, indic\u00f3 Mario Soto, coordinador de la bancada de Morena.<\/p>\n<p>Respecto a la postura del PRI, representada por la presidenta de la Comisi\u00f3n Anticorrupci\u00f3n, Lorena de la Garza, mencion\u00f3 de manera breve que lamentaba que el gobernador Samuel Garc\u00eda Sep\u00falveda no conociera la Constituci\u00f3n del Estado.<\/p>\n<p>\u201cS\u00ed es sujeto de juicio pol\u00edtico\u201d, reiter\u00f3 su postura sobre aplicar una sanci\u00f3n al titular del Poder Ejecutivo y finaliz\u00f3 su intervenci\u00f3n.<\/p>\n","protected":false},"excerpt":{"rendered":"<p>A pesar de que el pasado 18 de febrero se destrab\u00f3 la aprobaci\u00f3n del Paquete Fiscal 2025 en Nuevo Le\u00f3n,<\/p>\n","protected":false},"author":4,"featured_media":50835,"comment_status":"closed","ping_status":"closed","sticky":false,"template":"","format":"standard","meta":{"colormag_page_container_layout":"default_layout","colormag_page_sidebar_layout":"default_layout","_jetpack_memberships_contains_paid_content":false,"footnotes":"","jetpack_publicize_message":"","jetpack_publicize_feature_enabled":true,"jetpack_social_post_already_shared":true,"jetpack_social_options":{"image_generator_settings":{"template":"highway","default_image_id":0,"font":"","enabled":false},"version":2}},"categories":[145],"tags":[],"class_list":["post-50834","post","type-post","status-publish","format-standard","has-post-thumbnail","hentry","category-estados"],"jetpack_publicize_connections":[],"jetpack_featured_media_url":"https:\/\/noticiasveracruz.com\/wp-content\/uploads\/2025\/02\/SA-1.jpg","jetpack_sharing_enabled":true,"publishpress_future_action":{"enabled":false,"date":"2026-05-10 03:43:20","action":"change-status","newStatus":"draft","terms":[],"taxonomy":"category","extraData":[]},"publishpress_future_workflow_manual_trigger":{"enabledWorkflows":[]},"_links":{"self":[{"href":"https:\/\/noticiasveracruz.com\/index.php\/wp-json\/wp\/v2\/posts\/50834","targetHints":{"allow":["GET"]}}],"collection":[{"href":"https:\/\/noticiasveracruz.com\/index.php\/wp-json\/wp\/v2\/posts"}],"about":[{"href":"https:\/\/noticiasveracruz.com\/index.php\/wp-json\/wp\/v2\/types\/post"}],"author":[{"embeddable":true,"href":"https:\/\/noticiasveracruz.com\/index.php\/wp-json\/wp\/v2\/users\/4"}],"replies":[{"embeddable":true,"href":"https:\/\/noticiasveracruz.com\/index.php\/wp-json\/wp\/v2\/comments?post=50834"}],"version-history":[{"count":0,"href":"https:\/\/noticiasveracruz.com\/index.php\/wp-json\/wp\/v2\/posts\/50834\/revisions"}],"wp:featuredmedia":[{"embeddable":true,"href":"https:\/\/noticiasveracruz.com\/index.php\/wp-json\/wp\/v2\/media\/50835"}],"wp:attachment":[{"href":"https:\/\/noticiasveracruz.com\/index.php\/wp-json\/wp\/v2\/media?parent=50834"}],"wp:term":[{"taxonomy":"category","embeddable":true,"href":"https:\/\/noticiasveracruz.com\/index.php\/wp-json\/wp\/v2\/categories?post=50834"},{"taxonomy":"post_tag","embeddable":true,"href":"https:\/\/noticiasveracruz.com\/index.php\/wp-json\/wp\/v2\/tags?post=50834"}],"curies":[{"name":"wp","href":"https:\/\/api.w.org\/{rel}","templated":true}]}}