{"id":50825,"date":"2025-02-21T00:13:49","date_gmt":"2025-02-21T06:13:49","guid":{"rendered":"https:\/\/noticiasveracruz.com\/?p=50825"},"modified":"2025-02-20T21:33:35","modified_gmt":"2025-02-21T03:33:35","slug":"ine-conforma-mesa-directiva-para-eleccion-del-pj-en-nuevo-laredo","status":"publish","type":"post","link":"https:\/\/noticiasveracruz.com\/index.php\/2025\/02\/21\/ine-conforma-mesa-directiva-para-eleccion-del-pj-en-nuevo-laredo\/","title":{"rendered":"INE conforma mesa directiva para elecci\u00f3n del PJ en Nuevo Laredo"},"content":{"rendered":"<p>El Instituto Nacional Electoral (INE) inici\u00f3 la b\u00fasqueda de ciudadanos en Nuevo Laredo para integrar las mesas directivas de casilla en la jornada electoral del 1 de junio. Este proceso de selecci\u00f3n busca espec\u00edficamente a hombres y mujeres cuyo primer apellido empiece con la letra \u00abJ\u00bb y que hayan nacido en los meses de febrero o mayo.<\/p>\n<p>El vocal ejecutivo del INE, Manuel Moncada Fuentes, inform\u00f3 que se realiz\u00f3 una insaculaci\u00f3n de los 343 mil ciudadanos con credencial de elector en la ciudad, de los cuales se seleccionaron 44 mil 578 personas que cumplen con los criterios establecidos, representando el 13 por ciento del padr\u00f3n electoral total. La elecci\u00f3n de jueces federales y locales ser\u00e1 uno de los principales temas de votaci\u00f3n.<\/p>\n<p>\u201cEstamos a poco m\u00e1s de 100 d\u00edas de la jornada electoral y nos estamos preparando como lo marca la ley\u00bb, se\u00f1al\u00f3 Moncada Fuentes. Actualmente, el INE est\u00e1 enfocado en la integraci\u00f3n de las mesas directivas de casillas, un proceso clave para la correcta organizaci\u00f3n de los comicios.<\/p>\n<p>Desde el 9 de febrero, 70 capacitadores y 12 supervisores han estado recorriendo diversos puntos de la ciudad para notificar y capacitar a los ciudadanos seleccionados. Hasta el momento, 1,000 personas ya han sido capacitadas para participar en la organizaci\u00f3n de las elecciones. La capacitaci\u00f3n continuar\u00e1 hasta marzo.<\/p>\n<p>A partir de abril, el INE publicar\u00e1 la lista definitiva de los funcionarios de casilla y ofrecer\u00e1 formaci\u00f3n adicional sobre sus funciones espec\u00edficas. En caso de no completar la lista de seleccionados, se recurrir\u00e1 a la lista nominal de cada secci\u00f3n para cubrir las vacantes y garantizar la correcta integraci\u00f3n de las mesas de votaci\u00f3n. Los capacitadores est\u00e1n debidamente identificados y trabajan todos los d\u00edas para asegurar la participaci\u00f3n ciudadana en el proceso electoral.<\/p>\n","protected":false},"excerpt":{"rendered":"<p>El Instituto Nacional Electoral (INE) inici\u00f3 la b\u00fasqueda de ciudadanos en Nuevo Laredo para integrar las mesas directivas de casilla<\/p>\n","protected":false},"author":4,"featured_media":50826,"comment_status":"closed","ping_status":"closed","sticky":false,"template":"","format":"standard","meta":{"colormag_page_container_layout":"default_layout","colormag_page_sidebar_layout":"default_layout","_jetpack_memberships_contains_paid_content":false,"footnotes":"","jetpack_publicize_message":"","jetpack_publicize_feature_enabled":true,"jetpack_social_post_already_shared":true,"jetpack_social_options":{"image_generator_settings":{"template":"highway","default_image_id":0,"font":"","enabled":false},"version":2}},"categories":[145],"tags":[],"class_list":["post-50825","post","type-post","status-publish","format-standard","has-post-thumbnail","hentry","category-estados"],"jetpack_publicize_connections":[],"jetpack_featured_media_url":"https:\/\/noticiasveracruz.com\/wp-content\/uploads\/2025\/02\/NL.jpg","jetpack_sharing_enabled":true,"publishpress_future_action":{"enabled":false,"date":"2026-05-08 12:53:51","action":"change-status","newStatus":"draft","terms":[],"taxonomy":"category","extraData":[]},"publishpress_future_workflow_manual_trigger":{"enabledWorkflows":[]},"_links":{"self":[{"href":"https:\/\/noticiasveracruz.com\/index.php\/wp-json\/wp\/v2\/posts\/50825","targetHints":{"allow":["GET"]}}],"collection":[{"href":"https:\/\/noticiasveracruz.com\/index.php\/wp-json\/wp\/v2\/posts"}],"about":[{"href":"https:\/\/noticiasveracruz.com\/index.php\/wp-json\/wp\/v2\/types\/post"}],"author":[{"embeddable":true,"href":"https:\/\/noticiasveracruz.com\/index.php\/wp-json\/wp\/v2\/users\/4"}],"replies":[{"embeddable":true,"href":"https:\/\/noticiasveracruz.com\/index.php\/wp-json\/wp\/v2\/comments?post=50825"}],"version-history":[{"count":0,"href":"https:\/\/noticiasveracruz.com\/index.php\/wp-json\/wp\/v2\/posts\/50825\/revisions"}],"wp:featuredmedia":[{"embeddable":true,"href":"https:\/\/noticiasveracruz.com\/index.php\/wp-json\/wp\/v2\/media\/50826"}],"wp:attachment":[{"href":"https:\/\/noticiasveracruz.com\/index.php\/wp-json\/wp\/v2\/media?parent=50825"}],"wp:term":[{"taxonomy":"category","embeddable":true,"href":"https:\/\/noticiasveracruz.com\/index.php\/wp-json\/wp\/v2\/categories?post=50825"},{"taxonomy":"post_tag","embeddable":true,"href":"https:\/\/noticiasveracruz.com\/index.php\/wp-json\/wp\/v2\/tags?post=50825"}],"curies":[{"name":"wp","href":"https:\/\/api.w.org\/{rel}","templated":true}]}}