{"id":50822,"date":"2025-02-21T00:12:17","date_gmt":"2025-02-21T06:12:17","guid":{"rendered":"https:\/\/noticiasveracruz.com\/?p=50822"},"modified":"2025-02-20T21:31:12","modified_gmt":"2025-02-21T03:31:12","slug":"siderurgica-brasilena-gerdau-se-replantea-nueva-planta-en-mexico-tras-los-aranceles-de-trump","status":"publish","type":"post","link":"https:\/\/noticiasveracruz.com\/index.php\/2025\/02\/21\/siderurgica-brasilena-gerdau-se-replantea-nueva-planta-en-mexico-tras-los-aranceles-de-trump\/","title":{"rendered":"Sider\u00fargica brasile\u00f1a Gerdau se replantea nueva planta en M\u00e9xico tras los aranceles de Trump"},"content":{"rendered":"<p>La sider\u00fargica brasile\u00f1a Gerdau\u00a0est\u00e1 considerando\u00a0optar por aumentar su capacidad de producci\u00f3n en Estados Unidos en lugar de construir una nueva planta en M\u00e9xico, dijo el jueves su presidente ejecutivo, en momentos en que los aranceles implementados por el presidente Donald Trump sacuden el comercio global.<\/p>\n<p>Gerdau anunci\u00f3 el a\u00f1o pasado que estaba considerando instalar una nueva planta de aceros especiales en M\u00e9xico, que tendr\u00eda una capacidad anual de unas 600 mil toneladas m\u00e9tricas y requerir\u00eda una inversi\u00f3n de entre 500 y 600 millones de d\u00f3lares.<\/p>\n<p>Inicialmente, Gerdau esperaba llegar a una decisi\u00f3n final de inversi\u00f3n a finales de 2024 para comenzar a construir la planta este a\u00f1o, pero ahora ha pospuesto la decisi\u00f3n hasta julio.<\/p>\n<p>\u201cEstamos revisando todos nuestros an\u00e1lisis a la luz de lo que est\u00e1 sucediendo\u201d, dijo el presidente ejecutivo Gustavo Werneck en una conferencia sobre resultados. \u201cLos aceros especiales son un segmento muy importante para nosotros en Am\u00e9rica\u201d.<\/p>\n<p>\u201cEstamos analizando la posibilidad de construir el molino en dos etapas, o aumentar la capacidad de producci\u00f3n en Estados Unidos\u201d, indic\u00f3 Werneck, citando las unidades de la compa\u00f1\u00eda en Michigan y Arkansas.<\/p>\n<p><strong>Afectaciones por las amenazas arancelarias sobre M\u00e9xico<\/strong><\/p>\n<p>Trump elev\u00f3 sustancialmente a principios de este mes los aranceles a las importaciones estadunidenses de acero y aluminio a 25 por ciento fijo \u201csin excepciones ni exenciones\u201d, sum\u00e1ndose a otras amenazas arancelarias contra importantes socios comerciales como M\u00e9xico y Canad\u00e1.<\/p>\n<p>Gerdau se beneficia de los aranceles, ya que opera unidades de producci\u00f3n en Estados Unidos, y previamente hab\u00eda promocionado su presencia en el pa\u00eds como una cobertura contra el riesgo de proteccionismo de Trump.<\/p>\n<p>Werneck dijo que los aranceles deber\u00edan conducir a un mejor mix de producci\u00f3n en Estados Unidos y a una mayor rentabilidad.<\/p>\n<p>La firma opera actualmente al 70 por ciento de su capacidad de laminaci\u00f3n en Estados Unidos, o alrededor de 4 millones de toneladas al a\u00f1o.<\/p>\n<p>La empresa, propietaria de acer\u00edas en todo el continente americano, anunci\u00f3 que a partir del primer trimestre de 2025 segmentar\u00e1 sus ganancias por regiones: Brasil, Norteam\u00e9rica y Sudam\u00e9rica.<\/p>\n<p>\u201cGerdau Norteam\u00e9rica deber\u00eda ser un claro ganador -al menos en el corto plazo- tras los aranceles al acero anunciados por el presidente Trump\u201d, dijeron analistas de Scotiabank, aunque se\u00f1alaron que la unidad brasile\u00f1a podr\u00eda verse afectada negativamente.<\/p>\n<p>Las acciones de Gerdau que cotizan en bolsa en Sao Paulo subieron 0.7 por ciento el jueves, en l\u00ednea con el \u00edndice burs\u00e1til m\u00e1s amplio Bovespa.<\/p>\n","protected":false},"excerpt":{"rendered":"<p>La sider\u00fargica brasile\u00f1a Gerdau\u00a0est\u00e1 considerando\u00a0optar por aumentar su capacidad de producci\u00f3n en Estados Unidos en lugar de construir una nueva<\/p>\n","protected":false},"author":4,"featured_media":50823,"comment_status":"closed","ping_status":"closed","sticky":false,"template":"","format":"standard","meta":{"colormag_page_container_layout":"default_layout","colormag_page_sidebar_layout":"default_layout","_jetpack_memberships_contains_paid_content":false,"footnotes":"","jetpack_publicize_message":"","jetpack_publicize_feature_enabled":true,"jetpack_social_post_already_shared":true,"jetpack_social_options":{"image_generator_settings":{"template":"highway","default_image_id":0,"font":"","enabled":false},"version":2}},"categories":[1947],"tags":[],"class_list":["post-50822","post","type-post","status-publish","format-standard","has-post-thumbnail","hentry","category-economia"],"jetpack_publicize_connections":[],"jetpack_featured_media_url":"https:\/\/noticiasveracruz.com\/wp-content\/uploads\/2025\/02\/HIRO9-12.jpg","jetpack_sharing_enabled":true,"publishpress_future_action":{"enabled":false,"date":"2026-05-08 11:58:30","action":"change-status","newStatus":"draft","terms":[],"taxonomy":"category","extraData":[]},"publishpress_future_workflow_manual_trigger":{"enabledWorkflows":[]},"_links":{"self":[{"href":"https:\/\/noticiasveracruz.com\/index.php\/wp-json\/wp\/v2\/posts\/50822","targetHints":{"allow":["GET"]}}],"collection":[{"href":"https:\/\/noticiasveracruz.com\/index.php\/wp-json\/wp\/v2\/posts"}],"about":[{"href":"https:\/\/noticiasveracruz.com\/index.php\/wp-json\/wp\/v2\/types\/post"}],"author":[{"embeddable":true,"href":"https:\/\/noticiasveracruz.com\/index.php\/wp-json\/wp\/v2\/users\/4"}],"replies":[{"embeddable":true,"href":"https:\/\/noticiasveracruz.com\/index.php\/wp-json\/wp\/v2\/comments?post=50822"}],"version-history":[{"count":0,"href":"https:\/\/noticiasveracruz.com\/index.php\/wp-json\/wp\/v2\/posts\/50822\/revisions"}],"wp:featuredmedia":[{"embeddable":true,"href":"https:\/\/noticiasveracruz.com\/index.php\/wp-json\/wp\/v2\/media\/50823"}],"wp:attachment":[{"href":"https:\/\/noticiasveracruz.com\/index.php\/wp-json\/wp\/v2\/media?parent=50822"}],"wp:term":[{"taxonomy":"category","embeddable":true,"href":"https:\/\/noticiasveracruz.com\/index.php\/wp-json\/wp\/v2\/categories?post=50822"},{"taxonomy":"post_tag","embeddable":true,"href":"https:\/\/noticiasveracruz.com\/index.php\/wp-json\/wp\/v2\/tags?post=50822"}],"curies":[{"name":"wp","href":"https:\/\/api.w.org\/{rel}","templated":true}]}}