{"id":50819,"date":"2025-02-21T00:11:32","date_gmt":"2025-02-21T06:11:32","guid":{"rendered":"https:\/\/noticiasveracruz.com\/?p=50819"},"modified":"2025-02-20T21:29:17","modified_gmt":"2025-02-21T03:29:17","slug":"televisa-amplia-sus-perdidas-en-el-cuarto-trimestre-a-9-mil-800-mdp","status":"publish","type":"post","link":"https:\/\/noticiasveracruz.com\/index.php\/2025\/02\/21\/televisa-amplia-sus-perdidas-en-el-cuarto-trimestre-a-9-mil-800-mdp\/","title":{"rendered":"Televisa ampl\u00eda sus p\u00e9rdidas en el cuarto trimestre a 9 mil 800 mdp"},"content":{"rendered":"<p>La mayor cadena de televisi\u00f3n de M\u00e9xico, Grupo Televisa, registr\u00f3 una mayor p\u00e9rdida neta en el cuarto trimestre, de 9 mil 800 millones de pesos (471 millones de d\u00f3lares), frente a la p\u00e9rdida de 6 mil 800 millones de pesos del periodo anterior, indic\u00f3 en un informe publicado este jueves.<\/p>\n<p>La emisora, la mayor productora mundial de contenidos en espa\u00f1ol, dijo que la p\u00e9rdida trimestral se debi\u00f3 en gran medida a una ca\u00edda de sus beneficios operativos y a mayores costos en algunos activos.<\/p>\n<p>Los ingresos de la compa\u00f1\u00eda durante el periodo de octubre a diciembre sumaron 15 mil 200 millones de pesos, un descenso de casi 7 por ciento respecto a los mismos tres meses de 2023.<\/p>\n<p>Televisa dijo en la presentaci\u00f3n que la ca\u00edda trimestral de ingresos se debi\u00f3 a una ligera baja en su base de suscriptores, adem\u00e1s de una reducci\u00f3n de 6.3 por ciento en los ingresos de sus operaciones comerciales y una ca\u00edda de 12.4 por ciento en los ingresos de su unidad de televisi\u00f3n satelital Sky.<\/p>\n<p>Sky sufri\u00f3 unas 270 mil 400 desconexiones de unidades generadoras de ingresos (RGU) en el trimestre.<\/p>\n<p>La empresa dijo que su efectivo y equivalentes de efectivo crecieron el a\u00f1o pasado en 13 mil 600 millones de pesos hasta alcanzar unos 48 mil 700 millones de pesos (2 mil 300 millones de d\u00f3lares), un aumento de casi 40 por ciento respecto al a\u00f1o anterior.<\/p>\n","protected":false},"excerpt":{"rendered":"<p>La mayor cadena de televisi\u00f3n de M\u00e9xico, Grupo Televisa, registr\u00f3 una mayor p\u00e9rdida neta en el cuarto trimestre, de 9<\/p>\n","protected":false},"author":4,"featured_media":50820,"comment_status":"closed","ping_status":"closed","sticky":false,"template":"","format":"standard","meta":{"colormag_page_container_layout":"default_layout","colormag_page_sidebar_layout":"default_layout","_jetpack_memberships_contains_paid_content":false,"footnotes":"","jetpack_publicize_message":"","jetpack_publicize_feature_enabled":true,"jetpack_social_post_already_shared":true,"jetpack_social_options":{"image_generator_settings":{"template":"highway","default_image_id":0,"font":"","enabled":false},"version":2}},"categories":[1947],"tags":[],"class_list":["post-50819","post","type-post","status-publish","format-standard","has-post-thumbnail","hentry","category-economia"],"jetpack_publicize_connections":[],"jetpack_featured_media_url":"https:\/\/noticiasveracruz.com\/wp-content\/uploads\/2025\/02\/TE.jpg","jetpack_sharing_enabled":true,"publishpress_future_action":{"enabled":false,"date":"2026-05-08 11:58:28","action":"change-status","newStatus":"draft","terms":[],"taxonomy":"category","extraData":[]},"publishpress_future_workflow_manual_trigger":{"enabledWorkflows":[]},"_links":{"self":[{"href":"https:\/\/noticiasveracruz.com\/index.php\/wp-json\/wp\/v2\/posts\/50819","targetHints":{"allow":["GET"]}}],"collection":[{"href":"https:\/\/noticiasveracruz.com\/index.php\/wp-json\/wp\/v2\/posts"}],"about":[{"href":"https:\/\/noticiasveracruz.com\/index.php\/wp-json\/wp\/v2\/types\/post"}],"author":[{"embeddable":true,"href":"https:\/\/noticiasveracruz.com\/index.php\/wp-json\/wp\/v2\/users\/4"}],"replies":[{"embeddable":true,"href":"https:\/\/noticiasveracruz.com\/index.php\/wp-json\/wp\/v2\/comments?post=50819"}],"version-history":[{"count":0,"href":"https:\/\/noticiasveracruz.com\/index.php\/wp-json\/wp\/v2\/posts\/50819\/revisions"}],"wp:featuredmedia":[{"embeddable":true,"href":"https:\/\/noticiasveracruz.com\/index.php\/wp-json\/wp\/v2\/media\/50820"}],"wp:attachment":[{"href":"https:\/\/noticiasveracruz.com\/index.php\/wp-json\/wp\/v2\/media?parent=50819"}],"wp:term":[{"taxonomy":"category","embeddable":true,"href":"https:\/\/noticiasveracruz.com\/index.php\/wp-json\/wp\/v2\/categories?post=50819"},{"taxonomy":"post_tag","embeddable":true,"href":"https:\/\/noticiasveracruz.com\/index.php\/wp-json\/wp\/v2\/tags?post=50819"}],"curies":[{"name":"wp","href":"https:\/\/api.w.org\/{rel}","templated":true}]}}