{"id":50816,"date":"2025-02-21T00:10:53","date_gmt":"2025-02-21T06:10:53","guid":{"rendered":"https:\/\/noticiasveracruz.com\/?p=50816"},"modified":"2025-02-20T21:27:40","modified_gmt":"2025-02-21T03:27:40","slug":"ue-dispuesta-a-trabajar-con-eu-sobre-aranceles-reciprocos-sefcovic","status":"publish","type":"post","link":"https:\/\/noticiasveracruz.com\/index.php\/2025\/02\/21\/ue-dispuesta-a-trabajar-con-eu-sobre-aranceles-reciprocos-sefcovic\/","title":{"rendered":"UE, dispuesta a trabajar con EU sobre \u00abaranceles rec\u00edprocos\u00bb: Sefcovic"},"content":{"rendered":"<p class=\"western\">El comisario europeo de Comercio, Maros Sefcovic, afirm\u00f3 este jueves que la Uni\u00f3n Europea (UE) \u201cest\u00e1 dispuesta\u201d a trabajar con el gobierno de Donald Trump sobre sus anunciados \u201caranceles rec\u00edprocos\u201d, que de llegar a entrar en vigor, advirti\u00f3, se \u201cdeben aplicar a ambas\u201d partes.<\/p>\n<p class=\"western\">Mientras Washington planea la imposici\u00f3n de esos grav\u00e1menes, la UE est\u00e1 abierta a avanzar con funcionarios de Trump hacia una reducci\u00f3n arancelaria para bienes industriales y el aumento de las compras de productos estadunidenses, dijo Sefcovic a periodistas en Washington.<\/p>\n<p class=\"western\">\u201cEstaremos dispuestos a estudiar (c\u00f3mo) podemos rebajar los aranceles a la importaci\u00f3n de todos los productos industriales\u201d, dijo, un d\u00eda despu\u00e9s de reunirse con el secretario de Comercio, Howard Lutnick, y el candidato a representante comercial de la Casa Blanca, Jamieson Greer.<\/p>\n<p class=\"western\">Trump ha amenazado a la UE y a otros socios comerciales con imponer tarifas generalizadas y lleg\u00f3 a calificar de \u201cabsolutamente brutal\u201d la pol\u00edtica econ\u00f3mica de la UE con su pa\u00eds.<\/p>\n<p class=\"western\">Pero Sefcovic advirti\u00f3 con firmeza tras su reuni\u00f3n de cuatro horas con sus hom\u00f3logos comerciales que si Estados Unidos busca reciprocidad, \u00e9sta deber\u00e1 \u201caplicarse a ambas\u201d partes.<\/p>\n<p class=\"western\">Tambi\u00e9n refut\u00f3 la afirmaci\u00f3n de Trump de que las relaciones comerciales bilaterales son injustas.<\/p>\n<p class=\"western\">El funcionario dijo este jueves que una de sus peticiones fue aplazar la eventual imposici\u00f3n de tarifas estadounidenses, para evitar una escalada mientras ambas partes discuten sus preocupaciones.<\/p>\n<p class=\"western\">Y que su impresi\u00f3n es que Washington tambi\u00e9n estar\u00eda \u201cdispuesto a considerar\u201d una reducci\u00f3n de sus aranceles, al precisar que aquellos sobre los autom\u00f3viles son prioridad.<\/p>\n<p class=\"western\">Aunque la UE impone aranceles m\u00e1s altos a los veh\u00edculos personales, Sefcovic se\u00f1al\u00f3 que Estados Unidos protege otras \u00e1reas como las camionetas.<\/p>\n<p class=\"western\">\u201cSi bien protegemos los intereses europeos, buscamos un di\u00e1logo constructivo para evitar el dolor innecesario de las medidas y contramedidas\u201d, dijo a los periodistas.<\/p>\n<p class=\"western\">En un encuentro en el American Enterprise Institute en Washington el mi\u00e9rcoles, el comisario hab\u00eda dicho que no ve \u201cninguna justificaci\u00f3n para aumentos arancelarios repentinos y unilaterales\u201d por parte de Estados Unidos.<\/p>\n<p class=\"western\">Pero \u201cpara proteger los intereses europeos, no tendremos otra opci\u00f3n que responder con firmeza y rapidez\u201d, advirti\u00f3.<\/p>\n<p class=\"western\">Bruselas y Washington entienden que comparten retos comunes como \u201cel exceso de capacidad mundial impulsado por pr\u00e1cticas ajenas al mercado\u201d, una preocupaci\u00f3n que implica a China, afirm\u00f3.<\/p>\n<p class=\"western\">Tambi\u00e9n se mostr\u00f3 optimista ante la posibilidad de que la UE pueda disipar las preocupaciones de Estados Unidos sobre el d\u00e9ficit comercial bilateral.<\/p>\n","protected":false},"excerpt":{"rendered":"<p>El comisario europeo de Comercio, Maros Sefcovic, afirm\u00f3 este jueves que la Uni\u00f3n Europea (UE) \u201cest\u00e1 dispuesta\u201d a trabajar con<\/p>\n","protected":false},"author":4,"featured_media":50817,"comment_status":"closed","ping_status":"closed","sticky":false,"template":"","format":"standard","meta":{"colormag_page_container_layout":"default_layout","colormag_page_sidebar_layout":"default_layout","_jetpack_memberships_contains_paid_content":false,"footnotes":"","jetpack_publicize_message":"","jetpack_publicize_feature_enabled":true,"jetpack_social_post_already_shared":true,"jetpack_social_options":{"image_generator_settings":{"template":"highway","default_image_id":0,"font":"","enabled":false},"version":2}},"categories":[1947],"tags":[],"class_list":["post-50816","post","type-post","status-publish","format-standard","has-post-thumbnail","hentry","category-economia"],"jetpack_publicize_connections":[],"jetpack_featured_media_url":"https:\/\/noticiasveracruz.com\/wp-content\/uploads\/2025\/02\/EU.jpg","jetpack_sharing_enabled":true,"publishpress_future_action":{"enabled":false,"date":"2026-05-08 11:58:29","action":"change-status","newStatus":"draft","terms":[],"taxonomy":"category","extraData":[]},"publishpress_future_workflow_manual_trigger":{"enabledWorkflows":[]},"_links":{"self":[{"href":"https:\/\/noticiasveracruz.com\/index.php\/wp-json\/wp\/v2\/posts\/50816","targetHints":{"allow":["GET"]}}],"collection":[{"href":"https:\/\/noticiasveracruz.com\/index.php\/wp-json\/wp\/v2\/posts"}],"about":[{"href":"https:\/\/noticiasveracruz.com\/index.php\/wp-json\/wp\/v2\/types\/post"}],"author":[{"embeddable":true,"href":"https:\/\/noticiasveracruz.com\/index.php\/wp-json\/wp\/v2\/users\/4"}],"replies":[{"embeddable":true,"href":"https:\/\/noticiasveracruz.com\/index.php\/wp-json\/wp\/v2\/comments?post=50816"}],"version-history":[{"count":0,"href":"https:\/\/noticiasveracruz.com\/index.php\/wp-json\/wp\/v2\/posts\/50816\/revisions"}],"wp:featuredmedia":[{"embeddable":true,"href":"https:\/\/noticiasveracruz.com\/index.php\/wp-json\/wp\/v2\/media\/50817"}],"wp:attachment":[{"href":"https:\/\/noticiasveracruz.com\/index.php\/wp-json\/wp\/v2\/media?parent=50816"}],"wp:term":[{"taxonomy":"category","embeddable":true,"href":"https:\/\/noticiasveracruz.com\/index.php\/wp-json\/wp\/v2\/categories?post=50816"},{"taxonomy":"post_tag","embeddable":true,"href":"https:\/\/noticiasveracruz.com\/index.php\/wp-json\/wp\/v2\/tags?post=50816"}],"curies":[{"name":"wp","href":"https:\/\/api.w.org\/{rel}","templated":true}]}}