{"id":50807,"date":"2025-02-21T00:07:24","date_gmt":"2025-02-21T06:07:24","guid":{"rendered":"https:\/\/noticiasveracruz.com\/?p=50807"},"modified":"2025-02-20T21:17:27","modified_gmt":"2025-02-21T03:17:27","slug":"impugna-batres-rechazo-del-ine-a-nombrarla-ministra-del-pueblo","status":"publish","type":"post","link":"https:\/\/noticiasveracruz.com\/index.php\/2025\/02\/21\/impugna-batres-rechazo-del-ine-a-nombrarla-ministra-del-pueblo\/","title":{"rendered":"Impugna Batres rechazo del INE a nombrarla \u00abministra del pueblo\u00bb"},"content":{"rendered":"<p class=\"western\">La ministra Lenia Batres Guadarrama impugn\u00f3 este jueves ante el Tribunal Electoral del Poder Judicial de la Federaci\u00f3n (TEPJF) el acuerdo del Instituto Nacional Electoral (INE) que neg\u00f3 a candidatos incluir sobrenombres en la boleta electoral del pr\u00f3ximo 1 de junio; en su caso particular, el mote de \u201cministra del pueblo\u201d.<\/p>\n<p class=\"western\">\u201c\u2018Ministra del Pueblo\u2019 es mucho m\u00e1s que un sobrenombre. Es una misi\u00f3n, una declaraci\u00f3n de principios, un compromiso.<\/p>\n<p class=\"western\">Por eso impugn\u00e9 ante el @TEPJF_informa la decisi\u00f3n del @INEMexico de no permitirme usar ese nombre en la elecci\u00f3n judicial\u201d, escribi\u00f3 la togada en redes sociales.<\/p>\n<p class=\"western\">Batres public\u00f3 tambi\u00e9n copia de la impugnaci\u00f3n con el acuse de recibida por parte del TEPJF.<\/p>\n<p class=\"western\">\u201cVengo a interponer juicio para la protecci\u00f3n de los derechos pol\u00edtico electorales de la ciudadan\u00eda, a fin de impugnarlo el acuerdo del Instituto Nacional Electoral por el que se niega la inclusi\u00f3n de sobrenombres en las boletas electorales de las candidaturas a diversos cargos del Poder Judicial de la Federaci\u00f3n, aprobado por el Consejo General del Instituto Nacional Electoral (INE) en sesi\u00f3n extraordinaria urgente del 19 de febrero de 2025\u201d, se\u00f1ala.<\/p>\n","protected":false},"excerpt":{"rendered":"<p>La ministra Lenia Batres Guadarrama impugn\u00f3 este jueves ante el Tribunal Electoral del Poder Judicial de la Federaci\u00f3n (TEPJF) el<\/p>\n","protected":false},"author":4,"featured_media":50808,"comment_status":"closed","ping_status":"closed","sticky":false,"template":"","format":"standard","meta":{"colormag_page_container_layout":"default_layout","colormag_page_sidebar_layout":"default_layout","_jetpack_memberships_contains_paid_content":false,"footnotes":"","jetpack_publicize_message":"","jetpack_publicize_feature_enabled":true,"jetpack_social_post_already_shared":true,"jetpack_social_options":{"image_generator_settings":{"template":"highway","default_image_id":0,"font":"","enabled":false},"version":2}},"categories":[4],"tags":[],"class_list":["post-50807","post","type-post","status-publish","format-standard","has-post-thumbnail","hentry","category-nacional"],"jetpack_publicize_connections":[],"jetpack_featured_media_url":"https:\/\/noticiasveracruz.com\/wp-content\/uploads\/2025\/02\/B.jpg","jetpack_sharing_enabled":true,"publishpress_future_action":{"enabled":false,"date":"2026-05-08 13:44:26","action":"change-status","newStatus":"draft","terms":[],"taxonomy":"category","extraData":[]},"publishpress_future_workflow_manual_trigger":{"enabledWorkflows":[]},"_links":{"self":[{"href":"https:\/\/noticiasveracruz.com\/index.php\/wp-json\/wp\/v2\/posts\/50807","targetHints":{"allow":["GET"]}}],"collection":[{"href":"https:\/\/noticiasveracruz.com\/index.php\/wp-json\/wp\/v2\/posts"}],"about":[{"href":"https:\/\/noticiasveracruz.com\/index.php\/wp-json\/wp\/v2\/types\/post"}],"author":[{"embeddable":true,"href":"https:\/\/noticiasveracruz.com\/index.php\/wp-json\/wp\/v2\/users\/4"}],"replies":[{"embeddable":true,"href":"https:\/\/noticiasveracruz.com\/index.php\/wp-json\/wp\/v2\/comments?post=50807"}],"version-history":[{"count":0,"href":"https:\/\/noticiasveracruz.com\/index.php\/wp-json\/wp\/v2\/posts\/50807\/revisions"}],"wp:featuredmedia":[{"embeddable":true,"href":"https:\/\/noticiasveracruz.com\/index.php\/wp-json\/wp\/v2\/media\/50808"}],"wp:attachment":[{"href":"https:\/\/noticiasveracruz.com\/index.php\/wp-json\/wp\/v2\/media?parent=50807"}],"wp:term":[{"taxonomy":"category","embeddable":true,"href":"https:\/\/noticiasveracruz.com\/index.php\/wp-json\/wp\/v2\/categories?post=50807"},{"taxonomy":"post_tag","embeddable":true,"href":"https:\/\/noticiasveracruz.com\/index.php\/wp-json\/wp\/v2\/tags?post=50807"}],"curies":[{"name":"wp","href":"https:\/\/api.w.org\/{rel}","templated":true}]}}