{"id":50801,"date":"2025-02-21T00:05:52","date_gmt":"2025-02-21T06:05:52","guid":{"rendered":"https:\/\/noticiasveracruz.com\/?p=50801"},"modified":"2025-02-20T21:10:56","modified_gmt":"2025-02-21T03:10:56","slug":"se-reune-rosa-icela-con-guadalupe-taddei-y-omar-garcia-harfuch","status":"publish","type":"post","link":"https:\/\/noticiasveracruz.com\/index.php\/2025\/02\/21\/se-reune-rosa-icela-con-guadalupe-taddei-y-omar-garcia-harfuch\/","title":{"rendered":"Se re\u00fane Rosa Icela con Guadalupe Taddei y Omar Garc\u00eda Harfuch"},"content":{"rendered":"<p>La secretaria de Gobernaci\u00f3n, Rosa Icela Rodr\u00edguez, recibi\u00f3 la tarde de este jueves en la sede de esta dependencia, a la consejera presidenta del Consejo general del Instituto Nacional Electoral, Guadalupe Taddei, as\u00ed como al titular de la Secretar\u00eda de Seguridad y Protecci\u00f3n Ciudadana, Omar Garc\u00eda Harfuch, con quienes abord\u00f3 temas relacionados con la seguridad en el marco de la elecci\u00f3n judicial y los comicios en Veracruz y Durango de este a\u00f1o.<\/p>\n<p>\u201cUn gusto recibir hoy en la @SEGOB_mx a @GuadalupeTadei, presidenta del @INEMexico; a la consejera @CZavalaP y a mi compa\u00f1ero @OHarfuch, titular de la @SSPCMexico, con quienes coordinamos acciones a favor de la ciudadan\u00eda\u201d, se\u00f1al\u00f3, la funcionaria, federal, al difundir una foto del encuentro, al que tambi\u00e9n acudi\u00f3 la consejera electoral, Claudia Zavala.<\/p>\n<p>Trascendi\u00f3 que algunos de los temas de los que conversaron fueron la seguridad para candidatos y para estos procesos en general; la impresi\u00f3n y el traslado de boletas que se usar\u00e1n tanto en las elecciones judiciales, como en las municipales, en estos dos estados, y las acciones para la jornada comicial y los posteriores c\u00f3mputos.<\/p>\n<p>Este viernes, el \u00f3rgano electoral tiene programado dar inicio a la producci\u00f3n de las boletas para el Proceso Electoral Extraordinario para la elecci\u00f3n de diversos cargos del Poder Judicial de la Federaci\u00f3n.<\/p>\n","protected":false},"excerpt":{"rendered":"<p>La secretaria de Gobernaci\u00f3n, Rosa Icela Rodr\u00edguez, recibi\u00f3 la tarde de este jueves en la sede de esta dependencia, a<\/p>\n","protected":false},"author":4,"featured_media":50802,"comment_status":"closed","ping_status":"closed","sticky":false,"template":"","format":"standard","meta":{"colormag_page_container_layout":"default_layout","colormag_page_sidebar_layout":"default_layout","_jetpack_memberships_contains_paid_content":false,"footnotes":"","jetpack_publicize_message":"","jetpack_publicize_feature_enabled":true,"jetpack_social_post_already_shared":true,"jetpack_social_options":{"image_generator_settings":{"template":"highway","default_image_id":0,"font":"","enabled":false},"version":2}},"categories":[4],"tags":[],"class_list":["post-50801","post","type-post","status-publish","format-standard","has-post-thumbnail","hentry","category-nacional"],"jetpack_publicize_connections":[],"jetpack_featured_media_url":"https:\/\/noticiasveracruz.com\/wp-content\/uploads\/2025\/02\/SEG-1.jpg","jetpack_sharing_enabled":true,"publishpress_future_action":{"enabled":false,"date":"2026-05-10 06:41:18","action":"change-status","newStatus":"draft","terms":[],"taxonomy":"category","extraData":[]},"publishpress_future_workflow_manual_trigger":{"enabledWorkflows":[]},"_links":{"self":[{"href":"https:\/\/noticiasveracruz.com\/index.php\/wp-json\/wp\/v2\/posts\/50801","targetHints":{"allow":["GET"]}}],"collection":[{"href":"https:\/\/noticiasveracruz.com\/index.php\/wp-json\/wp\/v2\/posts"}],"about":[{"href":"https:\/\/noticiasveracruz.com\/index.php\/wp-json\/wp\/v2\/types\/post"}],"author":[{"embeddable":true,"href":"https:\/\/noticiasveracruz.com\/index.php\/wp-json\/wp\/v2\/users\/4"}],"replies":[{"embeddable":true,"href":"https:\/\/noticiasveracruz.com\/index.php\/wp-json\/wp\/v2\/comments?post=50801"}],"version-history":[{"count":0,"href":"https:\/\/noticiasveracruz.com\/index.php\/wp-json\/wp\/v2\/posts\/50801\/revisions"}],"wp:featuredmedia":[{"embeddable":true,"href":"https:\/\/noticiasveracruz.com\/index.php\/wp-json\/wp\/v2\/media\/50802"}],"wp:attachment":[{"href":"https:\/\/noticiasveracruz.com\/index.php\/wp-json\/wp\/v2\/media?parent=50801"}],"wp:term":[{"taxonomy":"category","embeddable":true,"href":"https:\/\/noticiasveracruz.com\/index.php\/wp-json\/wp\/v2\/categories?post=50801"},{"taxonomy":"post_tag","embeddable":true,"href":"https:\/\/noticiasveracruz.com\/index.php\/wp-json\/wp\/v2\/tags?post=50801"}],"curies":[{"name":"wp","href":"https:\/\/api.w.org\/{rel}","templated":true}]}}