{"id":50798,"date":"2025-02-21T00:04:09","date_gmt":"2025-02-21T06:04:09","guid":{"rendered":"https:\/\/noticiasveracruz.com\/?p=50798"},"modified":"2025-02-20T21:00:18","modified_gmt":"2025-02-21T03:00:18","slug":"comision-de-honestidad-revisara-caso-yunes-rn","status":"publish","type":"post","link":"https:\/\/noticiasveracruz.com\/index.php\/2025\/02\/21\/comision-de-honestidad-revisara-caso-yunes-rn\/","title":{"rendered":"Comisi\u00f3n de Honestidad revisar\u00e1 caso Yunes: RN"},"content":{"rendered":"<p>La Comisi\u00f3n de Honestidad y Justicia de Morena inici\u00f3 un proceso de revisi\u00f3n de la afiliaci\u00f3n del senador Miguel \u00c1ngel Yunes M\u00e1rquez, inform\u00f3 la titular del Poder Ejecutivo del Estado de Veracruz, Roc\u00edo Nahle Garc\u00eda.<\/p>\n<p>En sus redes sociales, la mandataria veracruzana, quien se pronunci\u00f3 en contra de la integraci\u00f3n de Yunes M\u00e1rquez a las filas de Morena, asever\u00f3 que la presidenta del instituto pol\u00edtico, Luis Mar\u00eda Alcalde Luj\u00e1n le notific\u00f3 el inicio del proceso de verificaci\u00f3n.<\/p>\n<p>Record\u00f3 que fue una petici\u00f3n que se realiz\u00f3 por parte de ella, as\u00ed como por la bancada de diputados federales veracruzanos, diputados locales, la senadora Raquel Bonilla, el comit\u00e9 estatal de Morena.<\/p>\n<p>\u00abDe acuerdo con la petici\u00f3n que hicimos Diputados Federales; Diputados Locales; Senadora; Comit\u00e9 Estatal de Morena de Veracruz y una servidora, me ha informado Luisa alcalde que la comisi\u00f3n de honestidad y justicia del Morena S\u00ed inici\u00f3 el proceso de revisi\u00f3n.\u00bb<\/p>\n<p>Nahle Garc\u00eda refiri\u00f3 que esta petici\u00f3n fue recibida y aceptada por la Comisi\u00f3n de Honestidad y Justicia de Morena gracias a la presi\u00f3n ejercida por militantes morenistas que se oponen a la afiliaci\u00f3n de los integrantes de la familia Yunes.<\/p>\n<p>La presidenta del partido Morena, Luisa Mar\u00eda alcalde Luj\u00e1n dijo que, con los resultados de la investigaci\u00f3n, la llamada \u201ccarpeta azul\u201d se tomar\u00e1 en cuenta, adem\u00e1s de analizar las consecuencias de su afiliaci\u00f3n en el estado de Veracruz en el pr\u00f3ximo proceso electoral.<\/p>\n","protected":false},"excerpt":{"rendered":"<p>La Comisi\u00f3n de Honestidad y Justicia de Morena inici\u00f3 un proceso de revisi\u00f3n de la afiliaci\u00f3n del senador Miguel \u00c1ngel<\/p>\n","protected":false},"author":4,"featured_media":50799,"comment_status":"closed","ping_status":"closed","sticky":false,"template":"","format":"standard","meta":{"colormag_page_container_layout":"default_layout","colormag_page_sidebar_layout":"default_layout","_jetpack_memberships_contains_paid_content":false,"footnotes":"","jetpack_publicize_message":"","jetpack_publicize_feature_enabled":true,"jetpack_social_post_already_shared":true,"jetpack_social_options":{"image_generator_settings":{"template":"highway","default_image_id":0,"font":"","enabled":false},"version":2}},"categories":[356],"tags":[],"class_list":["post-50798","post","type-post","status-publish","format-standard","has-post-thumbnail","hentry","category-veracruz"],"jetpack_publicize_connections":[],"jetpack_featured_media_url":"https:\/\/noticiasveracruz.com\/wp-content\/uploads\/2025\/02\/10b-2-scaled.jpg","jetpack_sharing_enabled":true,"publishpress_future_action":{"enabled":false,"date":"2026-05-10 03:44:22","action":"change-status","newStatus":"draft","terms":[],"taxonomy":"category","extraData":[]},"publishpress_future_workflow_manual_trigger":{"enabledWorkflows":[]},"_links":{"self":[{"href":"https:\/\/noticiasveracruz.com\/index.php\/wp-json\/wp\/v2\/posts\/50798","targetHints":{"allow":["GET"]}}],"collection":[{"href":"https:\/\/noticiasveracruz.com\/index.php\/wp-json\/wp\/v2\/posts"}],"about":[{"href":"https:\/\/noticiasveracruz.com\/index.php\/wp-json\/wp\/v2\/types\/post"}],"author":[{"embeddable":true,"href":"https:\/\/noticiasveracruz.com\/index.php\/wp-json\/wp\/v2\/users\/4"}],"replies":[{"embeddable":true,"href":"https:\/\/noticiasveracruz.com\/index.php\/wp-json\/wp\/v2\/comments?post=50798"}],"version-history":[{"count":0,"href":"https:\/\/noticiasveracruz.com\/index.php\/wp-json\/wp\/v2\/posts\/50798\/revisions"}],"wp:featuredmedia":[{"embeddable":true,"href":"https:\/\/noticiasveracruz.com\/index.php\/wp-json\/wp\/v2\/media\/50799"}],"wp:attachment":[{"href":"https:\/\/noticiasveracruz.com\/index.php\/wp-json\/wp\/v2\/media?parent=50798"}],"wp:term":[{"taxonomy":"category","embeddable":true,"href":"https:\/\/noticiasveracruz.com\/index.php\/wp-json\/wp\/v2\/categories?post=50798"},{"taxonomy":"post_tag","embeddable":true,"href":"https:\/\/noticiasveracruz.com\/index.php\/wp-json\/wp\/v2\/tags?post=50798"}],"curies":[{"name":"wp","href":"https:\/\/api.w.org\/{rel}","templated":true}]}}