{"id":50795,"date":"2025-02-21T00:03:37","date_gmt":"2025-02-21T06:03:37","guid":{"rendered":"https:\/\/noticiasveracruz.com\/?p=50795"},"modified":"2025-02-20T20:58:55","modified_gmt":"2025-02-21T02:58:55","slug":"protestan-morenistas","status":"publish","type":"post","link":"https:\/\/noticiasveracruz.com\/index.php\/2025\/02\/21\/protestan-morenistas\/","title":{"rendered":"Protestan morenistas"},"content":{"rendered":"<p>La diputada local Victoria Guti\u00e9rrez P\u00e9rez y un grupo de morenistas protestaron frente a Palacio de Gobierno, en esta ciudad de Xalapa, en rechazo a la afiliaci\u00f3n del senador Miguel \u00c1ngel Yunes M\u00e1rquez a su partido, el Movimiento de Regeneraci\u00f3n Nacional (Morena).<\/p>\n<p>Las personas se concentraron en Plaza Sebasti\u00e1n Lerdo de Tejada, en apoyo a la gobernadora de Veracruz, Roc\u00edo Nahle Garc\u00eda, y a todos los morenistas que se pronunciaron en contra de que el \u201cclan Yunes\u201d se sume a las filas de su movimiento.<\/p>\n<p>La Legisladora local coloc\u00f3 cajas de cart\u00f3n con un mo\u00f1o azul de regalo y fotograf\u00edas de Yunes M\u00e1rquez, para simbolizar que los morenistas de Veracruz dan en obsequio a este expanista.<\/p>\n<p>Victoria Guti\u00e9rrez apoy\u00f3 la solicitud de no acreditar a Miguel \u00c1ngel Yunes M\u00e1rquez en Morena, defendiendo la unidad y principios del partido.<\/p>\n<p>\u201cSuscribimos y apoyamos en cada una de sus partes la solicitud a la Comisi\u00f3n Nacional de Honestidad y Justicia que no se acredite a la membres\u00eda de Miguel \u00c1ngel Yunes M\u00e1rquez, cuyas acciones buscan socavar la unidad y la integridad de nuestro partido morena\u201d.<\/p>\n<p>Tambi\u00e9n hizo un llamado a los militantes a mantenerse vigilantes contra intereses ajenos, reafirmando su compromiso con la transformaci\u00f3n social.<\/p>\n<p>\u201cReafirmamos nuestro compromiso inquebrantable con la autonom\u00eda y la toma de decisiones democr\u00e1ticas dentro de nuestro partido. Insistimos en la importancia de preservar la coherencia y la cohesi\u00f3n interna de nuestro partido morena, reiterando nuestra negativa y no permitir la infiltraci\u00f3n de intereses ajenos a nuestros principios y objetivos\u201d.<\/p>\n<p>Adem\u00e1s, la Legisladora morenista indic\u00f3 que la Comisi\u00f3n de Honestidad y Justicia de Morena inici\u00f3 la revisi\u00f3n correspondiente de dicho proceso de afiliaci\u00f3n y dijo confiar en que los Yunes no formar\u00e1n parte de este partido pol\u00edtico.<\/p>\n<p>La diputada Victoria Guti\u00e9rrez tambi\u00e9n acus\u00f3 de traidores y oportunistas a los senadores Ad\u00e1n Augusto L\u00f3pez y Gerardo Fern\u00e1ndez Noro\u00f1a por avalar la afiliaci\u00f3n de Yunes M\u00e1rquez.<\/p>\n","protected":false},"excerpt":{"rendered":"<p>La diputada local Victoria Guti\u00e9rrez P\u00e9rez y un grupo de morenistas protestaron frente a Palacio de Gobierno, en esta ciudad<\/p>\n","protected":false},"author":4,"featured_media":50796,"comment_status":"closed","ping_status":"closed","sticky":false,"template":"","format":"standard","meta":{"colormag_page_container_layout":"default_layout","colormag_page_sidebar_layout":"default_layout","_jetpack_memberships_contains_paid_content":false,"footnotes":"","jetpack_publicize_message":"","jetpack_publicize_feature_enabled":true,"jetpack_social_post_already_shared":true,"jetpack_social_options":{"image_generator_settings":{"template":"highway","default_image_id":0,"font":"","enabled":false},"version":2}},"categories":[356],"tags":[],"class_list":["post-50795","post","type-post","status-publish","format-standard","has-post-thumbnail","hentry","category-veracruz"],"jetpack_publicize_connections":[],"jetpack_featured_media_url":"https:\/\/noticiasveracruz.com\/wp-content\/uploads\/2025\/02\/10a2-scaled.jpg","jetpack_sharing_enabled":true,"publishpress_future_action":{"enabled":false,"date":"2026-05-08 05:48:49","action":"change-status","newStatus":"draft","terms":[],"taxonomy":"category","extraData":[]},"publishpress_future_workflow_manual_trigger":{"enabledWorkflows":[]},"_links":{"self":[{"href":"https:\/\/noticiasveracruz.com\/index.php\/wp-json\/wp\/v2\/posts\/50795","targetHints":{"allow":["GET"]}}],"collection":[{"href":"https:\/\/noticiasveracruz.com\/index.php\/wp-json\/wp\/v2\/posts"}],"about":[{"href":"https:\/\/noticiasveracruz.com\/index.php\/wp-json\/wp\/v2\/types\/post"}],"author":[{"embeddable":true,"href":"https:\/\/noticiasveracruz.com\/index.php\/wp-json\/wp\/v2\/users\/4"}],"replies":[{"embeddable":true,"href":"https:\/\/noticiasveracruz.com\/index.php\/wp-json\/wp\/v2\/comments?post=50795"}],"version-history":[{"count":0,"href":"https:\/\/noticiasveracruz.com\/index.php\/wp-json\/wp\/v2\/posts\/50795\/revisions"}],"wp:featuredmedia":[{"embeddable":true,"href":"https:\/\/noticiasveracruz.com\/index.php\/wp-json\/wp\/v2\/media\/50796"}],"wp:attachment":[{"href":"https:\/\/noticiasveracruz.com\/index.php\/wp-json\/wp\/v2\/media?parent=50795"}],"wp:term":[{"taxonomy":"category","embeddable":true,"href":"https:\/\/noticiasveracruz.com\/index.php\/wp-json\/wp\/v2\/categories?post=50795"},{"taxonomy":"post_tag","embeddable":true,"href":"https:\/\/noticiasveracruz.com\/index.php\/wp-json\/wp\/v2\/tags?post=50795"}],"curies":[{"name":"wp","href":"https:\/\/api.w.org\/{rel}","templated":true}]}}