{"id":5079,"date":"2022-06-08T07:33:19","date_gmt":"2022-06-08T12:33:19","guid":{"rendered":"https:\/\/noticiasveracruz.com\/?p=5079"},"modified":"2022-06-08T07:35:37","modified_gmt":"2022-06-08T12:35:37","slug":"trabajar-con-transparencia-y-honestidad-mision-para-nuevos-agentes-municipales-en-tuxpan","status":"publish","type":"post","link":"https:\/\/noticiasveracruz.com\/index.php\/2022\/06\/08\/trabajar-con-transparencia-y-honestidad-mision-para-nuevos-agentes-municipales-en-tuxpan\/","title":{"rendered":"Trabajar con transparencia y honestidad, misi\u00f3n para nuevos agentes municipales en Tuxpan"},"content":{"rendered":"<p class=\"p1\"><span style=\"font-size: 14pt;\"><em><strong>Tuxpan, Ver.<\/strong><\/em> Se eligen <strong>agentes y subagente municipales<\/strong> en sesi\u00f3n extraordinaria de Cabildo, adem\u00e1s se entregan constancias de mayor\u00eda y <strong>la toma de protesta a los nuevos representantes del ayuntamiento<\/strong> de Tuxpan en las comunidades.<\/span><\/p>\n<p class=\"p1\"><span style=\"font-size: 18pt;\"><strong>En la intervenci\u00f3n del alcalde Jos\u00e9 Manuel Pozos Castro pidi\u00f3 a los nuevos servidores p\u00fablicos el actuar con total transparencia y honestidad, as\u00ed como velar por el bienestar de cada una de las localidades que los eligi\u00f3 como sus representantes.<\/strong><\/span><\/p>\n<p>&nbsp;<\/p>\n<p><img loading=\"lazy\" decoding=\"async\" class=\"aligncenter wp-image-6303 size-large\" src=\"https:\/\/politicosaldesnudo.com.mx\/wp-content\/uploads\/2022\/06\/286192394_155329720364384_2552930399916487315_n-1024x681.jpeg\" alt=\"\" width=\"800\" height=\"532\" \/><\/p>\n<p>&nbsp;<\/p>\n<p>&nbsp;<\/p>\n<p class=\"p1\"><span style=\"font-size: 18pt;\"><strong>\u00bfQU\u00c9 HACE UN AGENTE MUNICIPAL?<\/strong><\/span><\/p>\n<p class=\"p1\"><span style=\"font-size: 14pt;\"><strong>Los agentes municipales son la representaci\u00f3n pol\u00edtica y administrativa del Ayuntamiento en sus localidades<\/strong>,<span class=\"Apple-converted-space\">\u00a0 <\/span>asimismo debe cumplir y hacer cumplir la aplicaci\u00f3n de seguridad y resguardo, reglamentos municipales, circulares y dem\u00e1s disposiciones de car\u00e1cter general dentro de su localidad, <\/span><\/p>\n<p class=\"p1\"><span style=\"font-size: 14pt;\">Promover el establecimiento y prestaci\u00f3n de servicios p\u00fablicos en la localidad, Informar al ayuntamiento de cualquier alteraci\u00f3n al orden p\u00fablico, as\u00ed como de las medidas correctivas tomadas al respecto, por \u00faltimo hacer cumplir las disposiciones sobre la venta y consumo de bebidas alcoh\u00f3licas en el estado.<\/span><\/p>\n<p>&nbsp;<\/p>\n<p><span style=\"font-size: 18pt;\"><strong>LA RATIFICACI\u00d3N<\/strong><\/span><\/p>\n<p class=\"p1\"><span style=\"font-size: 14pt;\">As\u00ed en esta sesi\u00f3n extraordinaria se realiz\u00f3 la ratificaci\u00f3n de la elecci\u00f3n de subagente municipal de la comunidad Banderas, luego de que el Tribunal Electoral de Veracruz (TEV) confirmara el resultado de la elecci\u00f3n del pasado 19 de marzo.<\/span><\/p>\n<p class=\"p1\"><span style=\"font-size: 14pt;\">Asimismo, se entreg\u00f3 la constancia de mayor\u00eda al nuevo agente municipal de Frijolillo, luego de que el TEV ordenara que se repitiera la elecci\u00f3n, misma que se llev\u00f3 a cabo el 22 de mayo.<\/span><\/p>\n<p class=\"p1\"><strong><span style=\"font-size: 18pt;\">De este modo el Cabildo valid\u00f3 las elecciones extraordinarias de agente municipal en las comunidades de Buena Vista y Lindero; y de subagentes municipales en La Uni\u00f3n, El Coyol, Pe\u00f1a Alta y Laja del Tubo, que se celebraron el pasado 29 de mayo, y que no se hab\u00edan llevado a cabo debido a que algunos candidatos no cumpl\u00edan con los requisitos establecidos por la Junta Municipal Electoral.<\/span><\/strong><\/p>\n<p class=\"p1\"><span style=\"font-size: 18pt;\"><strong>Cabe destacar que los nuevos funcionario estar\u00e1n en el cargo por un periodo de 3 a\u00f1os, a partir de su toma de protesta y hasta 2025.<\/strong><\/span><\/p>\n<p>&nbsp;<\/p>\n<p>&nbsp;<\/p>\n<p><img loading=\"lazy\" decoding=\"async\" class=\"aligncenter wp-image-6302 size-large\" src=\"https:\/\/politicosaldesnudo.com.mx\/wp-content\/uploads\/2022\/06\/285693194_155329713697718_1809649197094448867_n-1024x681.jpeg\" alt=\"\" width=\"800\" height=\"532\" \/><\/p>\n<p>&nbsp;<\/p>\n","protected":false},"excerpt":{"rendered":"<p>Tuxpan, Ver. Se eligen agentes y subagente municipales en sesi\u00f3n extraordinaria de Cabildo, adem\u00e1s se entregan constancias de mayor\u00eda y<\/p>\n","protected":false},"author":4,"featured_media":5080,"comment_status":"closed","ping_status":"closed","sticky":false,"template":"","format":"standard","meta":{"colormag_page_container_layout":"default_layout","colormag_page_sidebar_layout":"default_layout","_jetpack_memberships_contains_paid_content":false,"footnotes":"","jetpack_publicize_message":"","jetpack_publicize_feature_enabled":true,"jetpack_social_post_already_shared":false,"jetpack_social_options":{"image_generator_settings":{"template":"highway","default_image_id":0,"font":"","enabled":false},"version":2}},"categories":[356],"tags":[533,701,72],"class_list":["post-5079","post","type-post","status-publish","format-standard","has-post-thumbnail","hentry","category-veracruz","tag-agentes-municipales","tag-jose-manuel-pozos","tag-tuxpan"],"jetpack_publicize_connections":[],"jetpack_featured_media_url":"https:\/\/noticiasveracruz.com\/wp-content\/uploads\/2022\/06\/286409639_155329730364383_1692748725787241563_n.jpeg","jetpack_sharing_enabled":true,"publishpress_future_action":{"enabled":false,"date":"2026-05-06 03:33:35","action":"change-status","newStatus":"draft","terms":[],"taxonomy":"category","extraData":[]},"publishpress_future_workflow_manual_trigger":{"enabledWorkflows":[]},"_links":{"self":[{"href":"https:\/\/noticiasveracruz.com\/index.php\/wp-json\/wp\/v2\/posts\/5079","targetHints":{"allow":["GET"]}}],"collection":[{"href":"https:\/\/noticiasveracruz.com\/index.php\/wp-json\/wp\/v2\/posts"}],"about":[{"href":"https:\/\/noticiasveracruz.com\/index.php\/wp-json\/wp\/v2\/types\/post"}],"author":[{"embeddable":true,"href":"https:\/\/noticiasveracruz.com\/index.php\/wp-json\/wp\/v2\/users\/4"}],"replies":[{"embeddable":true,"href":"https:\/\/noticiasveracruz.com\/index.php\/wp-json\/wp\/v2\/comments?post=5079"}],"version-history":[{"count":0,"href":"https:\/\/noticiasveracruz.com\/index.php\/wp-json\/wp\/v2\/posts\/5079\/revisions"}],"wp:featuredmedia":[{"embeddable":true,"href":"https:\/\/noticiasveracruz.com\/index.php\/wp-json\/wp\/v2\/media\/5080"}],"wp:attachment":[{"href":"https:\/\/noticiasveracruz.com\/index.php\/wp-json\/wp\/v2\/media?parent=5079"}],"wp:term":[{"taxonomy":"category","embeddable":true,"href":"https:\/\/noticiasveracruz.com\/index.php\/wp-json\/wp\/v2\/categories?post=5079"},{"taxonomy":"post_tag","embeddable":true,"href":"https:\/\/noticiasveracruz.com\/index.php\/wp-json\/wp\/v2\/tags?post=5079"}],"curies":[{"name":"wp","href":"https:\/\/api.w.org\/{rel}","templated":true}]}}